{"id":2129,"date":"2015-07-27T15:07:32","date_gmt":"2015-07-27T13:07:32","guid":{"rendered":"https:\/\/archimedys.fr\/?p=2129"},"modified":"2025-09-15T13:48:14","modified_gmt":"2025-09-15T13:48:14","slug":"archimedys-traitement-dechets-organiques","status":"publish","type":"post","link":"https:\/\/archimedys.fr\/tr\/archimedys-traitement-dechets-organiques\/","title":{"rendered":"Organik at\u0131klar\u0131n ar\u0131t\u0131lmas\u0131 i\u00e7in Archimedys\u2122"},"content":{"rendered":"<div class=\"wp-block-image\"><figure class=\"aligncenter size-large is-resized\"><img fetchpriority=\"high\" decoding=\"async\" src=\"https:\/\/archimedys.fr\/wp-content\/uploads\/2020\/01\/before-after-875x1024.jpg\" alt=\"Before and after Archimedys\u2122\" class=\"wp-image-2130\" width=\"416\" height=\"487\"\/><\/figure><\/div>\n\n\n\n<h3 class=\"wp-block-heading\">Organik at\u0131klar\u0131n ar\u0131t\u0131lmas\u0131nda kullan\u0131lan Archimedys\u2122 <\/h3>\n\n\n\n<p>M\u00fc\u015fterilerimizden biri, at\u0131klar\u0131n ar\u0131t\u0131lmas\u0131 ve geri d\u00f6n\u00fc\u015ft\u00fcr\u00fclmesi konusunda uzman <strong>organik evsel at\u0131klar<\/strong>, se\u00e7ti <strong>Archimedys\u2122<\/strong> \u00e7elik bir konvey\u00f6r vidas\u0131n\u0131 de\u011fi\u015ftirmek i\u00e7in. \u015eirket, anormal a\u015f\u0131nma, g\u00fcr\u00fclt\u00fc ve y\u00fcksek bak\u0131m maliyetlerinden muzdarip olan bir konvey\u00f6r\u00fcn hizmet \u00f6mr\u00fcn\u00fc iyile\u015ftirmek i\u00e7in mod\u00fcler Ar\u015fimet vidas\u0131na y\u00f6neldi.<\/p>\n\n\n\n<h4 class=\"wp-block-heading\">\u00c7elik vida ile ilgili sorunlar ortadan kalk\u0131yor<\/h4>\n\n\n\n<p>Bu tip konvey\u00f6rlerde ara yataklar \u00e7elik bir vidaya tak\u0131lamaz. Bunun nedeni, destek pabu\u00e7lar\u0131yla donat\u0131lm\u0131\u015f oluk taban\u0131na dayanmas\u0131d\u0131r.<\/p>\n\n\n\n<p>Taraf\u0131ndan giyin\nBasit s\u00fcrt\u00fcnmeleri nedeniyle vida ve teknenin a\u015f\u0131nmas\u0131\n\u00e7\u00f6z\u00fclmesi gereken ana sorundur. Bu durum, \u00fcretilecek \u00fcr\u00fcn taraf\u0131ndan daha da k\u00f6t\u00fcle\u015ftirildi.\nbazen kum, cam ve su da dahil olmak \u00fczere ta\u015f\u0131nm\u0131\u015ft\u0131r.<\/p>\n\n\n\n<p>Hi\u00e7bir ara yatak gerektirmeyen Archimedys\u2122, t\u00fcm bu sorunlara basit bir \u00e7\u00f6z\u00fcm sa\u011flad\u0131. Tesisin bak\u0131m ekipleri viday\u0131 herhangi bir ta\u015f\u0131ma ekipman\u0131 olmadan konvey\u00f6r\u00fcn aya\u011f\u0131na monte etti. De\u011fi\u015ftirilecek vidan\u0131n \u00e7ap\u0131 300 mm (12\u2019) ve uzunlu\u011fu \u00fc\u00e7 metre (10\u2019) idi. Tesisin bak\u0131m ekibi, Archimedys\u2122 viday\u0131 in\u015fa etme ve sahada de\u011fi\u015ftirme operasyonunun sorumlulu\u011funu \u00fcstlendi. Konvey\u00f6rde herhangi bir de\u011fi\u015fiklik yap\u0131lmas\u0131 gerekmedi. <\/p>\n\n\n\n<h4 class=\"wp-block-heading\">Geli\u015ftirilmi\u015f bak\u0131m<\/h4>\n\n\n\n<p>B\u00fcy\u00fck olaylarda sadece hasarl\u0131 mod\u00fcller de\u011fi\u015ftirilir. Vidan\u0131n tamam\u0131 art\u0131k de\u011fi\u015ftirilmez. Bak\u0131m i\u015flemleri h\u0131zl\u0131 ve kolayd\u0131r. Duru\u015f s\u00fcresi ve bak\u0131m maliyetleri azal\u0131r.<\/p>\n\n\n\n<h4 class=\"wp-block-heading\">Archimedys\u2122 , teknolojik bir devrim!<\/h4>\n\n\n\n<p>Archimedys\u2122 mod\u00fcler vidan\u0131n avantajlar\u0131, her ge\u00e7en g\u00fcn daha fazla \u00fcreticinin \u00e7eli\u011fi polimer lehine terk etmeye karar vermesine neden olmaktad\u0131r. Bu nedenle d\u00f6kme y\u00fck sekt\u00f6r\u00fcnde ger\u00e7ek bir teknolojik devrime tan\u0131k oluyoruz. <\/p>\n\n\n\n<p>E\u011fer sen\nhakk\u0131nda daha fazla bilgi edinmek istiyorsan\u0131z&nbsp;<strong>Ar\u015fimet vidas\u0131&nbsp;<\/strong>Archimedys\u2122\npolimerde, sizi davet ediyoruz&nbsp;<a href=\"https:\/\/archimedys.fr\/tr\/contact\/\">Bize ula\u015f\u0131n<\/a>&nbsp;daha fazla uzatmadan. Size her konuda yard\u0131mc\u0131 olabiliriz\nt\u00fcm projelerinizde, size i\u015finize en uygun ekipman\u0131 sunar.\nsizin i\u015finiz. <\/p>","protected":false},"excerpt":{"rendered":"<p>Archimedys\u2122 utilis\u00e9e dans le traitement de d\u00e9chets organiques Un de nos clients, sp\u00e9cialiste du traitement et recyclage des d\u00e9chets m\u00e9nagers organiques, a choisi Archimedys\u2122 pour le remplacement d\u2019une vis de convoyeur en acier. Ce dernier s\u2019est tourn\u00e9 vers la vis d\u2019Archim\u00e8de modulaire afin am\u00e9liorer la dur\u00e9e de vie d\u2019un convoyeur qui posait des probl\u00e8mes d\u2019usure [&hellip;]<\/p>\n","protected":false},"author":2,"featured_media":2130,"comment_status":"closed","ping_status":"closed","sticky":false,"template":"","format":"standard","meta":{"_acf_changed":false,"footnotes":""},"categories":[8],"tags":[],"class_list":["post-2129","post","type-post","status-publish","format-standard","has-post-thumbnail","hentry","category-realisations"],"acf":[],"yoast_head":"<!-- This site is optimized with the Yoast SEO plugin v27.2 - https:\/\/yoast.com\/product\/yoast-seo-wordpress\/ -->\n<title>Archimedys\u2122 pour le traitement de d\u00e9chets organiques - Archimedys<\/title>\n<meta name=\"description\" content=\"La vis d&#039;Archim\u00e8de modulaire Archimedys\u2122 \u00e9quip\u00e9e chez un de nos clients sp\u00e9cialiste dans le traitement de d\u00e9chets organiques\" \/>\n<meta name=\"robots\" content=\"index, follow, max-snippet:-1, max-image-preview:large, max-video-preview:-1\" \/>\n<link rel=\"canonical\" href=\"https:\/\/archimedys.fr\/tr\/archimedys-traitement-dechets-organiques\/\" \/>\n<meta property=\"og:locale\" content=\"tr_TR\" \/>\n<meta property=\"og:type\" content=\"article\" \/>\n<meta property=\"og:title\" content=\"Archimedys\u2122 pour le traitement de d\u00e9chets organiques - Archimedys\" \/>\n<meta property=\"og:description\" content=\"La vis d&#039;Archim\u00e8de modulaire Archimedys\u2122 \u00e9quip\u00e9e chez un de nos clients sp\u00e9cialiste dans le traitement de d\u00e9chets organiques\" \/>\n<meta property=\"og:url\" content=\"https:\/\/archimedys.fr\/tr\/archimedys-traitement-dechets-organiques\/\" \/>\n<meta property=\"og:site_name\" content=\"Archimedys\" \/>\n<meta property=\"article:published_time\" content=\"2015-07-27T13:07:32+00:00\" \/>\n<meta property=\"article:modified_time\" content=\"2025-09-15T13:48:14+00:00\" \/>\n<meta property=\"og:image\" content=\"https:\/\/archimedys.fr\/wp-content\/uploads\/2020\/01\/before-after-scaled-1.jpg\" \/>\n\t<meta property=\"og:image:width\" content=\"2188\" \/>\n\t<meta property=\"og:image:height\" content=\"2560\" \/>\n\t<meta property=\"og:image:type\" content=\"image\/jpeg\" \/>\n<meta name=\"author\" content=\"archimedysfr\" \/>\n<meta name=\"twitter:card\" content=\"summary_large_image\" \/>\n<meta name=\"twitter:label1\" content=\"Yazan:\" \/>\n\t<meta name=\"twitter:data1\" content=\"archimedysfr\" \/>\n\t<meta name=\"twitter:label2\" content=\"Tahmini okuma s\u00fcresi\" \/>\n\t<meta name=\"twitter:data2\" content=\"2 dakika\" \/>\n<script type=\"application\/ld+json\" class=\"yoast-schema-graph\">{\"@context\":\"https:\/\/schema.org\",\"@graph\":[{\"@type\":\"Article\",\"@id\":\"https:\/\/archimedys.fr\/archimedys-traitement-dechets-organiques\/#article\",\"isPartOf\":{\"@id\":\"https:\/\/archimedys.fr\/archimedys-traitement-dechets-organiques\/\"},\"author\":{\"name\":\"archimedysfr\",\"@id\":\"https:\/\/archimedys.fr\/#\/schema\/person\/0f326e2d3d04e71bf982c6dbcc6c070f\"},\"headline\":\"Archimedys\u2122 pour le traitement de d\u00e9chets organiques\",\"datePublished\":\"2015-07-27T13:07:32+00:00\",\"dateModified\":\"2025-09-15T13:48:14+00:00\",\"mainEntityOfPage\":{\"@id\":\"https:\/\/archimedys.fr\/archimedys-traitement-dechets-organiques\/\"},\"wordCount\":407,\"publisher\":{\"@id\":\"https:\/\/archimedys.fr\/#organization\"},\"image\":{\"@id\":\"https:\/\/archimedys.fr\/archimedys-traitement-dechets-organiques\/#primaryimage\"},\"thumbnailUrl\":\"https:\/\/archimedys.fr\/wp-content\/uploads\/2020\/01\/before-after-scaled-1.jpg\",\"articleSection\":[\"R\u00e9alisations\"],\"inLanguage\":\"tr\"},{\"@type\":\"WebPage\",\"@id\":\"https:\/\/archimedys.fr\/archimedys-traitement-dechets-organiques\/\",\"url\":\"https:\/\/archimedys.fr\/archimedys-traitement-dechets-organiques\/\",\"name\":\"Archimedys\u2122 pour le traitement de d\u00e9chets organiques - Archimedys\",\"isPartOf\":{\"@id\":\"https:\/\/archimedys.fr\/#website\"},\"primaryImageOfPage\":{\"@id\":\"https:\/\/archimedys.fr\/archimedys-traitement-dechets-organiques\/#primaryimage\"},\"image\":{\"@id\":\"https:\/\/archimedys.fr\/archimedys-traitement-dechets-organiques\/#primaryimage\"},\"thumbnailUrl\":\"https:\/\/archimedys.fr\/wp-content\/uploads\/2020\/01\/before-after-scaled-1.jpg\",\"datePublished\":\"2015-07-27T13:07:32+00:00\",\"dateModified\":\"2025-09-15T13:48:14+00:00\",\"description\":\"La vis d'Archim\u00e8de modulaire Archimedys\u2122 \u00e9quip\u00e9e chez un de nos clients sp\u00e9cialiste dans le traitement de d\u00e9chets organiques\",\"breadcrumb\":{\"@id\":\"https:\/\/archimedys.fr\/archimedys-traitement-dechets-organiques\/#breadcrumb\"},\"inLanguage\":\"tr\",\"potentialAction\":[{\"@type\":\"ReadAction\",\"target\":[\"https:\/\/archimedys.fr\/archimedys-traitement-dechets-organiques\/\"]}]},{\"@type\":\"ImageObject\",\"inLanguage\":\"tr\",\"@id\":\"https:\/\/archimedys.fr\/archimedys-traitement-dechets-organiques\/#primaryimage\",\"url\":\"https:\/\/archimedys.fr\/wp-content\/uploads\/2020\/01\/before-after-scaled-1.jpg\",\"contentUrl\":\"https:\/\/archimedys.fr\/wp-content\/uploads\/2020\/01\/before-after-scaled-1.jpg\",\"width\":2188,\"height\":2560,\"caption\":\"Remplacement d'une vis en acier par une vis modulaire en plastique\"},{\"@type\":\"BreadcrumbList\",\"@id\":\"https:\/\/archimedys.fr\/archimedys-traitement-dechets-organiques\/#breadcrumb\",\"itemListElement\":[{\"@type\":\"ListItem\",\"position\":1,\"name\":\"Accueil\",\"item\":\"https:\/\/archimedys.fr\/\"},{\"@type\":\"ListItem\",\"position\":2,\"name\":\"Archimedys\u2122 pour le traitement de d\u00e9chets organiques\"}]},{\"@type\":\"WebSite\",\"@id\":\"https:\/\/archimedys.fr\/#website\",\"url\":\"https:\/\/archimedys.fr\/\",\"name\":\"Archimedys\",\"description\":\"\",\"publisher\":{\"@id\":\"https:\/\/archimedys.fr\/#organization\"},\"potentialAction\":[{\"@type\":\"SearchAction\",\"target\":{\"@type\":\"EntryPoint\",\"urlTemplate\":\"https:\/\/archimedys.fr\/?s={search_term_string}\"},\"query-input\":{\"@type\":\"PropertyValueSpecification\",\"valueRequired\":true,\"valueName\":\"search_term_string\"}}],\"inLanguage\":\"tr\"},{\"@type\":\"Organization\",\"@id\":\"https:\/\/archimedys.fr\/#organization\",\"name\":\"Archimedys\",\"url\":\"https:\/\/archimedys.fr\/\",\"logo\":{\"@type\":\"ImageObject\",\"inLanguage\":\"tr\",\"@id\":\"https:\/\/archimedys.fr\/#\/schema\/logo\/image\/\",\"url\":\"https:\/\/archimedys.fr\/wp-content\/uploads\/2025\/03\/Design-sans-titre.svg\",\"contentUrl\":\"https:\/\/archimedys.fr\/wp-content\/uploads\/2025\/03\/Design-sans-titre.svg\",\"width\":350,\"height\":100,\"caption\":\"Archimedys\"},\"image\":{\"@id\":\"https:\/\/archimedys.fr\/#\/schema\/logo\/image\/\"}},{\"@type\":\"Person\",\"@id\":\"https:\/\/archimedys.fr\/#\/schema\/person\/0f326e2d3d04e71bf982c6dbcc6c070f\",\"name\":\"archimedysfr\",\"image\":{\"@type\":\"ImageObject\",\"inLanguage\":\"tr\",\"@id\":\"https:\/\/secure.gravatar.com\/avatar\/fd139960b5e96d7b31909239e427395b1670a5fce144ef6fab09f0962547e133?s=96&d=mm&r=g\",\"url\":\"https:\/\/secure.gravatar.com\/avatar\/fd139960b5e96d7b31909239e427395b1670a5fce144ef6fab09f0962547e133?s=96&d=mm&r=g\",\"contentUrl\":\"https:\/\/secure.gravatar.com\/avatar\/fd139960b5e96d7b31909239e427395b1670a5fce144ef6fab09f0962547e133?s=96&d=mm&r=g\",\"caption\":\"archimedysfr\"},\"url\":\"https:\/\/archimedys.fr\/tr\/author\/archimedysfr\/\"}]}<\/script>\n<!-- \/ Yoast SEO plugin. -->","yoast_head_json":{"title":"Archimedys\u2122 pour le traitement de d\u00e9chets organiques - Archimedys","description":"La vis d'Archim\u00e8de modulaire Archimedys\u2122 \u00e9quip\u00e9e chez un de nos clients sp\u00e9cialiste dans le traitement de d\u00e9chets organiques","robots":{"index":"index","follow":"follow","max-snippet":"max-snippet:-1","max-image-preview":"max-image-preview:large","max-video-preview":"max-video-preview:-1"},"canonical":"https:\/\/archimedys.fr\/tr\/archimedys-traitement-dechets-organiques\/","og_locale":"tr_TR","og_type":"article","og_title":"Archimedys\u2122 pour le traitement de d\u00e9chets organiques - Archimedys","og_description":"La vis d'Archim\u00e8de modulaire Archimedys\u2122 \u00e9quip\u00e9e chez un de nos clients sp\u00e9cialiste dans le traitement de d\u00e9chets organiques","og_url":"https:\/\/archimedys.fr\/tr\/archimedys-traitement-dechets-organiques\/","og_site_name":"Archimedys","article_published_time":"2015-07-27T13:07:32+00:00","article_modified_time":"2025-09-15T13:48:14+00:00","og_image":[{"width":2188,"height":2560,"url":"https:\/\/archimedys.fr\/wp-content\/uploads\/2020\/01\/before-after-scaled-1.jpg","type":"image\/jpeg"}],"author":"archimedysfr","twitter_card":"summary_large_image","twitter_misc":{"Yazan:":"archimedysfr","Tahmini okuma s\u00fcresi":"2 dakika"},"schema":{"@context":"https:\/\/schema.org","@graph":[{"@type":"Article","@id":"https:\/\/archimedys.fr\/archimedys-traitement-dechets-organiques\/#article","isPartOf":{"@id":"https:\/\/archimedys.fr\/archimedys-traitement-dechets-organiques\/"},"author":{"name":"archimedysfr","@id":"https:\/\/archimedys.fr\/#\/schema\/person\/0f326e2d3d04e71bf982c6dbcc6c070f"},"headline":"Archimedys\u2122 pour le traitement de d\u00e9chets organiques","datePublished":"2015-07-27T13:07:32+00:00","dateModified":"2025-09-15T13:48:14+00:00","mainEntityOfPage":{"@id":"https:\/\/archimedys.fr\/archimedys-traitement-dechets-organiques\/"},"wordCount":407,"publisher":{"@id":"https:\/\/archimedys.fr\/#organization"},"image":{"@id":"https:\/\/archimedys.fr\/archimedys-traitement-dechets-organiques\/#primaryimage"},"thumbnailUrl":"https:\/\/archimedys.fr\/wp-content\/uploads\/2020\/01\/before-after-scaled-1.jpg","articleSection":["R\u00e9alisations"],"inLanguage":"tr"},{"@type":"WebPage","@id":"https:\/\/archimedys.fr\/archimedys-traitement-dechets-organiques\/","url":"https:\/\/archimedys.fr\/archimedys-traitement-dechets-organiques\/","name":"Archimedys\u2122 pour le traitement de d\u00e9chets organiques - Archimedys","isPartOf":{"@id":"https:\/\/archimedys.fr\/#website"},"primaryImageOfPage":{"@id":"https:\/\/archimedys.fr\/archimedys-traitement-dechets-organiques\/#primaryimage"},"image":{"@id":"https:\/\/archimedys.fr\/archimedys-traitement-dechets-organiques\/#primaryimage"},"thumbnailUrl":"https:\/\/archimedys.fr\/wp-content\/uploads\/2020\/01\/before-after-scaled-1.jpg","datePublished":"2015-07-27T13:07:32+00:00","dateModified":"2025-09-15T13:48:14+00:00","description":"La vis d'Archim\u00e8de modulaire Archimedys\u2122 \u00e9quip\u00e9e chez un de nos clients sp\u00e9cialiste dans le traitement de d\u00e9chets organiques","breadcrumb":{"@id":"https:\/\/archimedys.fr\/archimedys-traitement-dechets-organiques\/#breadcrumb"},"inLanguage":"tr","potentialAction":[{"@type":"ReadAction","target":["https:\/\/archimedys.fr\/archimedys-traitement-dechets-organiques\/"]}]},{"@type":"ImageObject","inLanguage":"tr","@id":"https:\/\/archimedys.fr\/archimedys-traitement-dechets-organiques\/#primaryimage","url":"https:\/\/archimedys.fr\/wp-content\/uploads\/2020\/01\/before-after-scaled-1.jpg","contentUrl":"https:\/\/archimedys.fr\/wp-content\/uploads\/2020\/01\/before-after-scaled-1.jpg","width":2188,"height":2560,"caption":"Remplacement d'une vis en acier par une vis modulaire en plastique"},{"@type":"BreadcrumbList","@id":"https:\/\/archimedys.fr\/archimedys-traitement-dechets-organiques\/#breadcrumb","itemListElement":[{"@type":"ListItem","position":1,"name":"Accueil","item":"https:\/\/archimedys.fr\/"},{"@type":"ListItem","position":2,"name":"Archimedys\u2122 pour le traitement de d\u00e9chets organiques"}]},{"@type":"WebSite","@id":"https:\/\/archimedys.fr\/#website","url":"https:\/\/archimedys.fr\/","name":"Archimedys","description":"","publisher":{"@id":"https:\/\/archimedys.fr\/#organization"},"potentialAction":[{"@type":"SearchAction","target":{"@type":"EntryPoint","urlTemplate":"https:\/\/archimedys.fr\/?s={search_term_string}"},"query-input":{"@type":"PropertyValueSpecification","valueRequired":true,"valueName":"search_term_string"}}],"inLanguage":"tr"},{"@type":"Organization","@id":"https:\/\/archimedys.fr\/#organization","name":"Archimedys","url":"https:\/\/archimedys.fr\/","logo":{"@type":"ImageObject","inLanguage":"tr","@id":"https:\/\/archimedys.fr\/#\/schema\/logo\/image\/","url":"https:\/\/archimedys.fr\/wp-content\/uploads\/2025\/03\/Design-sans-titre.svg","contentUrl":"https:\/\/archimedys.fr\/wp-content\/uploads\/2025\/03\/Design-sans-titre.svg","width":350,"height":100,"caption":"Archimedys"},"image":{"@id":"https:\/\/archimedys.fr\/#\/schema\/logo\/image\/"}},{"@type":"Person","@id":"https:\/\/archimedys.fr\/#\/schema\/person\/0f326e2d3d04e71bf982c6dbcc6c070f","name":"archimedysfr","image":{"@type":"ImageObject","inLanguage":"tr","@id":"https:\/\/secure.gravatar.com\/avatar\/fd139960b5e96d7b31909239e427395b1670a5fce144ef6fab09f0962547e133?s=96&d=mm&r=g","url":"https:\/\/secure.gravatar.com\/avatar\/fd139960b5e96d7b31909239e427395b1670a5fce144ef6fab09f0962547e133?s=96&d=mm&r=g","contentUrl":"https:\/\/secure.gravatar.com\/avatar\/fd139960b5e96d7b31909239e427395b1670a5fce144ef6fab09f0962547e133?s=96&d=mm&r=g","caption":"archimedysfr"},"url":"https:\/\/archimedys.fr\/tr\/author\/archimedysfr\/"}]}},"_links":{"self":[{"href":"https:\/\/archimedys.fr\/tr\/wp-json\/wp\/v2\/posts\/2129","targetHints":{"allow":["GET"]}}],"collection":[{"href":"https:\/\/archimedys.fr\/tr\/wp-json\/wp\/v2\/posts"}],"about":[{"href":"https:\/\/archimedys.fr\/tr\/wp-json\/wp\/v2\/types\/post"}],"author":[{"embeddable":true,"href":"https:\/\/archimedys.fr\/tr\/wp-json\/wp\/v2\/users\/2"}],"replies":[{"embeddable":true,"href":"https:\/\/archimedys.fr\/tr\/wp-json\/wp\/v2\/comments?post=2129"}],"version-history":[{"count":1,"href":"https:\/\/archimedys.fr\/tr\/wp-json\/wp\/v2\/posts\/2129\/revisions"}],"predecessor-version":[{"id":8384,"href":"https:\/\/archimedys.fr\/tr\/wp-json\/wp\/v2\/posts\/2129\/revisions\/8384"}],"wp:featuredmedia":[{"embeddable":true,"href":"https:\/\/archimedys.fr\/tr\/wp-json\/wp\/v2\/media\/2130"}],"wp:attachment":[{"href":"https:\/\/archimedys.fr\/tr\/wp-json\/wp\/v2\/media?parent=2129"}],"wp:term":[{"taxonomy":"category","embeddable":true,"href":"https:\/\/archimedys.fr\/tr\/wp-json\/wp\/v2\/categories?post=2129"},{"taxonomy":"post_tag","embeddable":true,"href":"https:\/\/archimedys.fr\/tr\/wp-json\/wp\/v2\/tags?post=2129"}],"curies":[{"name":"wp","href":"https:\/\/api.w.org\/{rel}","templated":true}]}}