{"id":1439,"date":"2018-06-22T10:43:23","date_gmt":"2018-06-22T08:43:23","guid":{"rendered":"http:\/\/archimedys.fr\/?p=1439"},"modified":"2025-09-15T13:48:12","modified_gmt":"2025-09-15T13:48:12","slug":"archimedys-colorants-poudre","status":"publish","type":"post","link":"https:\/\/archimedys.fr\/sv\/archimedys-colorants-poudre\/","title":{"rendered":"Archimedys\u2122 utrustar linjer f\u00f6r transport av pulverf\u00e4rg\u00e4mnen"},"content":{"rendered":"<h3 class=\"wp-block-heading\">Archimedys\u2122, en teknisk revolution f\u00f6r transport av f\u00e4rgpulver<\/h3>\n\n\n\n<p>M\u00e5nga industrier anv\u00e4nder Archimedian-skruvar f\u00f6r att transportera bulkprodukter. En verklig teknisk revolution \u00e4r p\u00e5 g\u00e5ng i och med att Archimedys\u2122 modul\u00e4ra polymerskruvtransport\u00f6rer har kommit ut p\u00e5 marknaden. F\u00f6rdelarna med Archimedys\u2122 \u00e4r m\u00e5nga och allt fler tillverkare v\u00e4ljer att \u00f6verge den traditionella st\u00e5lskruven till f\u00f6rm\u00e5n f\u00f6r Archimedys\u2122, s\u00e4rskilt f\u00f6r transport av f\u00e4rgpulver. <\/p>\n\n\n\n<h3 class=\"wp-block-heading\">V\u00e4rldsledande inom pulverformiga keramiska fl\u00e4ckar anv\u00e4nder Archimedys\u2122<\/h3>\n\n\n\n<p>De\nspecifika f\u00e4rg\u00e4mnen och pigment ger f\u00e4rg \u00e5t keramik och kakel.\nkakel och klinker. De \u00e4r vanligtvis oxider eller kombinationer av oxider i form av pulver.\npulverform. Dessa metalloxidpulver och metalloxidpigment \u00e4r s\u00e4rskilt slipande.\ns\u00e4rskilt slipande. De transporteras till de olika produktionsanl\u00e4ggningarna\nmed hj\u00e4lp av skruvtransport\u00f6rer.<\/p>\n\n\n\n<p>Fram till nu,\nv\u00e4rldens ledande producent av f\u00e4rger f\u00f6r keramik och kakel, baserad i Spanien\nSpanien, anv\u00e4nt st\u00e5lskruvar. Dessa korroderade snabbt och orsakade\nunderh\u00e5llsproblem. Reparation av st\u00e5lskruvarna\nkr\u00e4vde frekventa produktionsstopp, f\u00f6rlorade aff\u00e4rer och h\u00f6ga underh\u00e5llskostnader.\noch h\u00f6ga underh\u00e5llskostnader. Efter ett mycket lyckat f\u00f6rs\u00f6k f\u00f6rs\u00e5gs alla transport\u00f6rer i hans\ni fabriken utrustade med dussintals Archimedys\u2122 modul\u00e4ra skruvar. <\/p>\n\n\n\n<h3 class=\"wp-block-heading\">Problem med traditionella st\u00e5lskruvar l\u00f6sta!<\/h3>\n\n\n\n<p>Faktum \u00e4r att..,\nmed en <strong>enkel design<\/strong> och kompakt, Archimedys\u2122-skruven \u00e4r l\u00e4ttare \u00e4n\n\u00e4n en st\u00e5lskruv. Den \u00e4r enkel att bygga, <strong>s\u00f6ml\u00f6s<\/strong>,\ngenom att <strong>montering <\/strong>standardmoduler l\u00e4ngs en axel, direkt p\u00e5 plats eller i verkstaden\np\u00e5 plats eller i verkstaden.<\/p>\n\n\n\n<p>Le <strong>polymer<\/strong>\nsom anv\u00e4nds f\u00f6r att tillverka Archimedys\u2122-skruven d\u00e4mpar ljudet under drift. Den\nhar ocks\u00e5 funktioner, <strong>h\u00f6g motst\u00e5ndskraft mot korrosion<\/strong>till <strong>syror<\/strong>,\nbaser och en m\u00e4ngd aggressiva kemikalier. Dess motst\u00e5ndskraft mot\nn\u00f6tning \u00e4r i vissa fall tre g\u00e5nger st\u00f6rre \u00e4n st\u00e5lets.<\/p>\n\n\n\n<p>Om en incident skulle intr\u00e4ffa\noch en del av skruven f\u00f6rst\u00f6rs, byts de skadade modulerna helt enkelt ut\nhelt enkelt ers\u00e4ttas. Underh\u00e5llsarbetet g\u00e5r snabbt och minskar p\u00e5verkan p\u00e5 produktiviteten.\nproduktivitet. <\/p>\n\n\n\n<p>Tveka inte\ntveka att <a href=\"https:\/\/archimedys.fr\/sv\/contact\/\">kontakt<\/a> f\u00f6r ytterligare information. Vi\nkonstruerar och tillverkar de mekaniska delar som beh\u00f6vs f\u00f6r att installera eller anpassa\ninstallation eller anpassning av modul\u00e4ra skruvar p\u00e5 dina befintliga installationer\neller ny utrustning.<\/p>","protected":false},"excerpt":{"rendered":"<p>Archimedys\u2122, r\u00e9volution technologique pour le transport de colorants en poudre De nombreuses industries utilisent des vis d\u2019Archim\u00e8de pour le transport de produits en vrac. Une v\u00e9ritable r\u00e9volution technologique est en cours avec l\u2019arriv\u00e9e sur le march\u00e9 des convoyeurs de vis Archimedys\u2122 modulaire en polym\u00e8res. Ses avantages sont nombreux et de plus en plus d\u2019industriels d\u00e9cident [&hellip;]<\/p>\n","protected":false},"author":2,"featured_media":7267,"comment_status":"closed","ping_status":"closed","sticky":false,"template":"","format":"standard","meta":{"_acf_changed":false,"footnotes":""},"categories":[8],"tags":[],"class_list":["post-1439","post","type-post","status-publish","format-standard","has-post-thumbnail","hentry","category-realisations"],"acf":[],"yoast_head":"<!-- This site is optimized with the Yoast SEO plugin v27.2 - https:\/\/yoast.com\/product\/yoast-seo-wordpress\/ -->\n<title>Archimedys\u2122 \u00e9quipe les lignes pour le transport de colorants en poudre<\/title>\n<meta name=\"description\" content=\"Archimedys\u2122 \u00e9quip\u00e9e pour le transport des colorants en poudre pour c\u00e9ramique chez le leader mondial des colorants pour c\u00e9ramique et carrelages\" \/>\n<meta name=\"robots\" content=\"index, follow, max-snippet:-1, max-image-preview:large, max-video-preview:-1\" \/>\n<link rel=\"canonical\" href=\"https:\/\/archimedys.fr\/sv\/archimedys-colorants-poudre\/\" \/>\n<meta property=\"og:locale\" content=\"sv_SE\" \/>\n<meta property=\"og:type\" content=\"article\" \/>\n<meta property=\"og:title\" content=\"Archimedys\u2122 \u00e9quipe les lignes pour le transport de colorants en poudre\" \/>\n<meta property=\"og:description\" content=\"Archimedys\u2122 \u00e9quip\u00e9e pour le transport des colorants en poudre pour c\u00e9ramique chez le leader mondial des colorants pour c\u00e9ramique et carrelages\" \/>\n<meta property=\"og:url\" content=\"https:\/\/archimedys.fr\/sv\/archimedys-colorants-poudre\/\" \/>\n<meta property=\"og:site_name\" content=\"Archimedys\" \/>\n<meta property=\"article:published_time\" content=\"2018-06-22T08:43:23+00:00\" \/>\n<meta property=\"article:modified_time\" content=\"2025-09-15T13:48:12+00:00\" \/>\n<meta property=\"og:image\" content=\"https:\/\/archimedys.fr\/wp-content\/uploads\/2018\/06\/thom-masat-8kLFdQh6scA-unsplash-683x1024-1.jpg\" \/>\n\t<meta property=\"og:image:width\" content=\"683\" \/>\n\t<meta property=\"og:image:height\" content=\"1024\" \/>\n\t<meta property=\"og:image:type\" content=\"image\/jpeg\" \/>\n<meta name=\"author\" content=\"archimedysfr\" \/>\n<meta name=\"twitter:card\" content=\"summary_large_image\" \/>\n<meta name=\"twitter:label1\" content=\"Skriven av\" \/>\n\t<meta name=\"twitter:data1\" content=\"archimedysfr\" \/>\n\t<meta name=\"twitter:label2\" content=\"Ber\u00e4knad l\u00e4stid\" \/>\n\t<meta name=\"twitter:data2\" content=\"2 minuter\" \/>\n<script type=\"application\/ld+json\" class=\"yoast-schema-graph\">{\"@context\":\"https:\/\/schema.org\",\"@graph\":[{\"@type\":\"Article\",\"@id\":\"https:\/\/archimedys.fr\/archimedys-colorants-poudre\/#article\",\"isPartOf\":{\"@id\":\"https:\/\/archimedys.fr\/archimedys-colorants-poudre\/\"},\"author\":{\"name\":\"archimedysfr\",\"@id\":\"https:\/\/archimedys.fr\/#\/schema\/person\/0f326e2d3d04e71bf982c6dbcc6c070f\"},\"headline\":\"Archimedys\u2122 \u00e9quipe les lignes pour le transport de colorants en poudre\",\"datePublished\":\"2018-06-22T08:43:23+00:00\",\"dateModified\":\"2025-09-15T13:48:12+00:00\",\"mainEntityOfPage\":{\"@id\":\"https:\/\/archimedys.fr\/archimedys-colorants-poudre\/\"},\"wordCount\":448,\"publisher\":{\"@id\":\"https:\/\/archimedys.fr\/#organization\"},\"image\":{\"@id\":\"https:\/\/archimedys.fr\/archimedys-colorants-poudre\/#primaryimage\"},\"thumbnailUrl\":\"https:\/\/archimedys.fr\/wp-content\/uploads\/2018\/06\/thom-masat-8kLFdQh6scA-unsplash-683x1024-1.jpg\",\"articleSection\":[\"R\u00e9alisations\"],\"inLanguage\":\"sv-SE\"},{\"@type\":\"WebPage\",\"@id\":\"https:\/\/archimedys.fr\/archimedys-colorants-poudre\/\",\"url\":\"https:\/\/archimedys.fr\/archimedys-colorants-poudre\/\",\"name\":\"Archimedys\u2122 \u00e9quipe les lignes pour le transport de colorants en poudre\",\"isPartOf\":{\"@id\":\"https:\/\/archimedys.fr\/#website\"},\"primaryImageOfPage\":{\"@id\":\"https:\/\/archimedys.fr\/archimedys-colorants-poudre\/#primaryimage\"},\"image\":{\"@id\":\"https:\/\/archimedys.fr\/archimedys-colorants-poudre\/#primaryimage\"},\"thumbnailUrl\":\"https:\/\/archimedys.fr\/wp-content\/uploads\/2018\/06\/thom-masat-8kLFdQh6scA-unsplash-683x1024-1.jpg\",\"datePublished\":\"2018-06-22T08:43:23+00:00\",\"dateModified\":\"2025-09-15T13:48:12+00:00\",\"description\":\"Archimedys\u2122 \u00e9quip\u00e9e pour le transport des colorants en poudre pour c\u00e9ramique chez le leader mondial des colorants pour c\u00e9ramique et carrelages\",\"breadcrumb\":{\"@id\":\"https:\/\/archimedys.fr\/archimedys-colorants-poudre\/#breadcrumb\"},\"inLanguage\":\"sv-SE\",\"potentialAction\":[{\"@type\":\"ReadAction\",\"target\":[\"https:\/\/archimedys.fr\/archimedys-colorants-poudre\/\"]}]},{\"@type\":\"ImageObject\",\"inLanguage\":\"sv-SE\",\"@id\":\"https:\/\/archimedys.fr\/archimedys-colorants-poudre\/#primaryimage\",\"url\":\"https:\/\/archimedys.fr\/wp-content\/uploads\/2018\/06\/thom-masat-8kLFdQh6scA-unsplash-683x1024-1.jpg\",\"contentUrl\":\"https:\/\/archimedys.fr\/wp-content\/uploads\/2018\/06\/thom-masat-8kLFdQh6scA-unsplash-683x1024-1.jpg\",\"width\":683,\"height\":1024,\"caption\":\"Poudre vis sans fin convoyage\"},{\"@type\":\"BreadcrumbList\",\"@id\":\"https:\/\/archimedys.fr\/archimedys-colorants-poudre\/#breadcrumb\",\"itemListElement\":[{\"@type\":\"ListItem\",\"position\":1,\"name\":\"Accueil\",\"item\":\"https:\/\/archimedys.fr\/\"},{\"@type\":\"ListItem\",\"position\":2,\"name\":\"Archimedys\u2122 \u00e9quipe les lignes pour le transport de colorants en poudre\"}]},{\"@type\":\"WebSite\",\"@id\":\"https:\/\/archimedys.fr\/#website\",\"url\":\"https:\/\/archimedys.fr\/\",\"name\":\"Archimedys\",\"description\":\"\",\"publisher\":{\"@id\":\"https:\/\/archimedys.fr\/#organization\"},\"potentialAction\":[{\"@type\":\"SearchAction\",\"target\":{\"@type\":\"EntryPoint\",\"urlTemplate\":\"https:\/\/archimedys.fr\/?s={search_term_string}\"},\"query-input\":{\"@type\":\"PropertyValueSpecification\",\"valueRequired\":true,\"valueName\":\"search_term_string\"}}],\"inLanguage\":\"sv-SE\"},{\"@type\":\"Organization\",\"@id\":\"https:\/\/archimedys.fr\/#organization\",\"name\":\"Archimedys\",\"url\":\"https:\/\/archimedys.fr\/\",\"logo\":{\"@type\":\"ImageObject\",\"inLanguage\":\"sv-SE\",\"@id\":\"https:\/\/archimedys.fr\/#\/schema\/logo\/image\/\",\"url\":\"https:\/\/archimedys.fr\/wp-content\/uploads\/2025\/03\/Design-sans-titre.svg\",\"contentUrl\":\"https:\/\/archimedys.fr\/wp-content\/uploads\/2025\/03\/Design-sans-titre.svg\",\"width\":350,\"height\":100,\"caption\":\"Archimedys\"},\"image\":{\"@id\":\"https:\/\/archimedys.fr\/#\/schema\/logo\/image\/\"}},{\"@type\":\"Person\",\"@id\":\"https:\/\/archimedys.fr\/#\/schema\/person\/0f326e2d3d04e71bf982c6dbcc6c070f\",\"name\":\"archimedysfr\",\"image\":{\"@type\":\"ImageObject\",\"inLanguage\":\"sv-SE\",\"@id\":\"https:\/\/secure.gravatar.com\/avatar\/fd139960b5e96d7b31909239e427395b1670a5fce144ef6fab09f0962547e133?s=96&d=mm&r=g\",\"url\":\"https:\/\/secure.gravatar.com\/avatar\/fd139960b5e96d7b31909239e427395b1670a5fce144ef6fab09f0962547e133?s=96&d=mm&r=g\",\"contentUrl\":\"https:\/\/secure.gravatar.com\/avatar\/fd139960b5e96d7b31909239e427395b1670a5fce144ef6fab09f0962547e133?s=96&d=mm&r=g\",\"caption\":\"archimedysfr\"},\"url\":\"https:\/\/archimedys.fr\/sv\/author\/archimedysfr\/\"}]}<\/script>\n<!-- \/ Yoast SEO plugin. -->","yoast_head_json":{"title":"Archimedys\u2122 utrustar linjer f\u00f6r transport av pulverf\u00e4rg\u00e4mnen","description":"Archimedys\u2122 \u00e9quip\u00e9e pour le transport des colorants en poudre pour c\u00e9ramique chez le leader mondial des colorants pour c\u00e9ramique et carrelages","robots":{"index":"index","follow":"follow","max-snippet":"max-snippet:-1","max-image-preview":"max-image-preview:large","max-video-preview":"max-video-preview:-1"},"canonical":"https:\/\/archimedys.fr\/sv\/archimedys-colorants-poudre\/","og_locale":"sv_SE","og_type":"article","og_title":"Archimedys\u2122 \u00e9quipe les lignes pour le transport de colorants en poudre","og_description":"Archimedys\u2122 \u00e9quip\u00e9e pour le transport des colorants en poudre pour c\u00e9ramique chez le leader mondial des colorants pour c\u00e9ramique et carrelages","og_url":"https:\/\/archimedys.fr\/sv\/archimedys-colorants-poudre\/","og_site_name":"Archimedys","article_published_time":"2018-06-22T08:43:23+00:00","article_modified_time":"2025-09-15T13:48:12+00:00","og_image":[{"width":683,"height":1024,"url":"https:\/\/archimedys.fr\/wp-content\/uploads\/2018\/06\/thom-masat-8kLFdQh6scA-unsplash-683x1024-1.jpg","type":"image\/jpeg"}],"author":"archimedysfr","twitter_card":"summary_large_image","twitter_misc":{"Skriven av":"archimedysfr","Ber\u00e4knad l\u00e4stid":"2 minuter"},"schema":{"@context":"https:\/\/schema.org","@graph":[{"@type":"Article","@id":"https:\/\/archimedys.fr\/archimedys-colorants-poudre\/#article","isPartOf":{"@id":"https:\/\/archimedys.fr\/archimedys-colorants-poudre\/"},"author":{"name":"archimedysfr","@id":"https:\/\/archimedys.fr\/#\/schema\/person\/0f326e2d3d04e71bf982c6dbcc6c070f"},"headline":"Archimedys\u2122 \u00e9quipe les lignes pour le transport de colorants en poudre","datePublished":"2018-06-22T08:43:23+00:00","dateModified":"2025-09-15T13:48:12+00:00","mainEntityOfPage":{"@id":"https:\/\/archimedys.fr\/archimedys-colorants-poudre\/"},"wordCount":448,"publisher":{"@id":"https:\/\/archimedys.fr\/#organization"},"image":{"@id":"https:\/\/archimedys.fr\/archimedys-colorants-poudre\/#primaryimage"},"thumbnailUrl":"https:\/\/archimedys.fr\/wp-content\/uploads\/2018\/06\/thom-masat-8kLFdQh6scA-unsplash-683x1024-1.jpg","articleSection":["R\u00e9alisations"],"inLanguage":"sv-SE"},{"@type":"WebPage","@id":"https:\/\/archimedys.fr\/archimedys-colorants-poudre\/","url":"https:\/\/archimedys.fr\/archimedys-colorants-poudre\/","name":"Archimedys\u2122 utrustar linjer f\u00f6r transport av pulverf\u00e4rg\u00e4mnen","isPartOf":{"@id":"https:\/\/archimedys.fr\/#website"},"primaryImageOfPage":{"@id":"https:\/\/archimedys.fr\/archimedys-colorants-poudre\/#primaryimage"},"image":{"@id":"https:\/\/archimedys.fr\/archimedys-colorants-poudre\/#primaryimage"},"thumbnailUrl":"https:\/\/archimedys.fr\/wp-content\/uploads\/2018\/06\/thom-masat-8kLFdQh6scA-unsplash-683x1024-1.jpg","datePublished":"2018-06-22T08:43:23+00:00","dateModified":"2025-09-15T13:48:12+00:00","description":"Archimedys\u2122 \u00e9quip\u00e9e pour le transport des colorants en poudre pour c\u00e9ramique chez le leader mondial des colorants pour c\u00e9ramique et carrelages","breadcrumb":{"@id":"https:\/\/archimedys.fr\/archimedys-colorants-poudre\/#breadcrumb"},"inLanguage":"sv-SE","potentialAction":[{"@type":"ReadAction","target":["https:\/\/archimedys.fr\/archimedys-colorants-poudre\/"]}]},{"@type":"ImageObject","inLanguage":"sv-SE","@id":"https:\/\/archimedys.fr\/archimedys-colorants-poudre\/#primaryimage","url":"https:\/\/archimedys.fr\/wp-content\/uploads\/2018\/06\/thom-masat-8kLFdQh6scA-unsplash-683x1024-1.jpg","contentUrl":"https:\/\/archimedys.fr\/wp-content\/uploads\/2018\/06\/thom-masat-8kLFdQh6scA-unsplash-683x1024-1.jpg","width":683,"height":1024,"caption":"Poudre vis sans fin convoyage"},{"@type":"BreadcrumbList","@id":"https:\/\/archimedys.fr\/archimedys-colorants-poudre\/#breadcrumb","itemListElement":[{"@type":"ListItem","position":1,"name":"Accueil","item":"https:\/\/archimedys.fr\/"},{"@type":"ListItem","position":2,"name":"Archimedys\u2122 \u00e9quipe les lignes pour le transport de colorants en poudre"}]},{"@type":"WebSite","@id":"https:\/\/archimedys.fr\/#website","url":"https:\/\/archimedys.fr\/","name":"Archimedys","description":"","publisher":{"@id":"https:\/\/archimedys.fr\/#organization"},"potentialAction":[{"@type":"SearchAction","target":{"@type":"EntryPoint","urlTemplate":"https:\/\/archimedys.fr\/?s={search_term_string}"},"query-input":{"@type":"PropertyValueSpecification","valueRequired":true,"valueName":"search_term_string"}}],"inLanguage":"sv-SE"},{"@type":"Organization","@id":"https:\/\/archimedys.fr\/#organization","name":"Archimedys","url":"https:\/\/archimedys.fr\/","logo":{"@type":"ImageObject","inLanguage":"sv-SE","@id":"https:\/\/archimedys.fr\/#\/schema\/logo\/image\/","url":"https:\/\/archimedys.fr\/wp-content\/uploads\/2025\/03\/Design-sans-titre.svg","contentUrl":"https:\/\/archimedys.fr\/wp-content\/uploads\/2025\/03\/Design-sans-titre.svg","width":350,"height":100,"caption":"Archimedys"},"image":{"@id":"https:\/\/archimedys.fr\/#\/schema\/logo\/image\/"}},{"@type":"Person","@id":"https:\/\/archimedys.fr\/#\/schema\/person\/0f326e2d3d04e71bf982c6dbcc6c070f","name":"archimedysfr","image":{"@type":"ImageObject","inLanguage":"sv-SE","@id":"https:\/\/secure.gravatar.com\/avatar\/fd139960b5e96d7b31909239e427395b1670a5fce144ef6fab09f0962547e133?s=96&d=mm&r=g","url":"https:\/\/secure.gravatar.com\/avatar\/fd139960b5e96d7b31909239e427395b1670a5fce144ef6fab09f0962547e133?s=96&d=mm&r=g","contentUrl":"https:\/\/secure.gravatar.com\/avatar\/fd139960b5e96d7b31909239e427395b1670a5fce144ef6fab09f0962547e133?s=96&d=mm&r=g","caption":"archimedysfr"},"url":"https:\/\/archimedys.fr\/sv\/author\/archimedysfr\/"}]}},"_links":{"self":[{"href":"https:\/\/archimedys.fr\/sv\/wp-json\/wp\/v2\/posts\/1439","targetHints":{"allow":["GET"]}}],"collection":[{"href":"https:\/\/archimedys.fr\/sv\/wp-json\/wp\/v2\/posts"}],"about":[{"href":"https:\/\/archimedys.fr\/sv\/wp-json\/wp\/v2\/types\/post"}],"author":[{"embeddable":true,"href":"https:\/\/archimedys.fr\/sv\/wp-json\/wp\/v2\/users\/2"}],"replies":[{"embeddable":true,"href":"https:\/\/archimedys.fr\/sv\/wp-json\/wp\/v2\/comments?post=1439"}],"version-history":[{"count":2,"href":"https:\/\/archimedys.fr\/sv\/wp-json\/wp\/v2\/posts\/1439\/revisions"}],"predecessor-version":[{"id":8162,"href":"https:\/\/archimedys.fr\/sv\/wp-json\/wp\/v2\/posts\/1439\/revisions\/8162"}],"wp:featuredmedia":[{"embeddable":true,"href":"https:\/\/archimedys.fr\/sv\/wp-json\/wp\/v2\/media\/7267"}],"wp:attachment":[{"href":"https:\/\/archimedys.fr\/sv\/wp-json\/wp\/v2\/media?parent=1439"}],"wp:term":[{"taxonomy":"category","embeddable":true,"href":"https:\/\/archimedys.fr\/sv\/wp-json\/wp\/v2\/categories?post=1439"},{"taxonomy":"post_tag","embeddable":true,"href":"https:\/\/archimedys.fr\/sv\/wp-json\/wp\/v2\/tags?post=1439"}],"curies":[{"name":"wp","href":"https:\/\/api.w.org\/{rel}","templated":true}]}}