{"id":1439,"date":"2018-06-22T10:43:23","date_gmt":"2018-06-22T08:43:23","guid":{"rendered":"http:\/\/archimedys.fr\/?p=1439"},"modified":"2025-09-15T13:48:12","modified_gmt":"2025-09-15T13:48:12","slug":"archimedys-colorants-poudre","status":"publish","type":"post","link":"https:\/\/archimedys.fr\/sk\/archimedys-colorants-poudre\/","title":{"rendered":"Archimedys\u2122 vybavuje linky na prepravu pr\u00e1\u0161kov\u00fdch farb\u00edv"},"content":{"rendered":"<h3 class=\"wp-block-heading\">Archimedys\u2122, technologick\u00e1 revol\u00facia pri preprave pr\u00e1\u0161kov\u00fdch farb\u00edv<\/h3>\n\n\n\n<p>Archimedove skrutky sa pou\u017e\u00edvaj\u00fa v mnoh\u00fdch priemyseln\u00fdch odvetviach na prepravu sypk\u00fdch produktov. S pr\u00edchodom modul\u00e1rnych polym\u00e9rov\u00fdch z\u00e1vitovkov\u00fdch dopravn\u00edkov Archimedys\u2122 na trh nast\u00e1va skuto\u010dn\u00e1 technologick\u00e1 revol\u00facia. Jeho v\u00fdhody s\u00fa po\u010detn\u00e9 a \u010doraz viac v\u00fdrobcov sa rozhoduje opusti\u0165 tradi\u010dn\u00fa oce\u013eov\u00fa skrutku v prospech Archimedys\u2122, najm\u00e4 na prepravu pr\u00e1\u0161kov\u00fdch farb\u00edv. <\/p>\n\n\n\n<h3 class=\"wp-block-heading\">Svetov\u00fd l\u00edder v oblasti pr\u00e1\u0161kov\u00fdch keramick\u00fdch farb\u00edv pou\u017e\u00edva Archimedys\u2122<\/h3>\n\n\n\n<p>Str\u00e1nka\n\u0160pecifick\u00e9 farbiv\u00e1 a pigmenty dod\u00e1vaj\u00fa keramike a obklada\u010dk\u00e1m farbu.\nobklada\u010dky. Zvy\u010dajne ide o oxidy alebo kombin\u00e1cie oxidov vo forme pr\u00e1\u0161kov.\nV pr\u00e1\u0161kovej forme. Tieto pr\u00e1\u0161ky a pigmenty oxidov kovov s\u00fa obzvl\u00e1\u0161\u0165 abraz\u00edvne.\ns\u00fa obzvl\u00e1\u0161\u0165 abraz\u00edvne. Prepravuj\u00fa sa do r\u00f4znych v\u00fdrobn\u00fdch\npomocou z\u00e1vitovkov\u00fdch dopravn\u00edkov.<\/p>\n\n\n\n<p>A\u017e doteraz,\npopredn\u00fd svetov\u00fd v\u00fdrobca farieb na keramiku a obklada\u010dky so s\u00eddlom\n\u0160panielsku, pou\u017e\u00edval oce\u013eov\u00e9 skrutky. Tie r\u00fdchlo korodovali a sp\u00f4sobovali\nprobl\u00e9my s \u00fadr\u017ebou. Oprava oce\u013eov\u00fdch skrutiek\nznamenala \u010dast\u00e9 zastavenie v\u00fdroby, stratu obchodu a vysok\u00e9 n\u00e1klady na \u00fadr\u017ebu.\na vysok\u00e9 n\u00e1klady na \u00fadr\u017ebu. Po ve\u013emi \u00faspe\u0161nej sk\u00fa\u0161ke sa v\u0161etky dopravn\u00edky v jeho\njeho tov\u00e1rni boli vybaven\u00e9 desiatkami modul\u00e1rnych skrutiek Archimedys\u2122. <\/p>\n\n\n\n<h3 class=\"wp-block-heading\">Probl\u00e9my s tradi\u010dn\u00fdmi oce\u013eov\u00fdmi skrutkami vyrie\u0161en\u00e9!<\/h3>\n\n\n\n<p>Skuto\u010dnos\u0165 je tak\u00e1,\ns <strong>jednoduch\u00fd dizajn<\/strong> a kompaktn\u00e1, skrutka Archimedys\u2122 je \u013eah\u0161ia\nako oce\u013eov\u00e1 skrutka. Je jednoduch\u00e1 na zostavenie, <strong>bezprobl\u00e9mov\u00e9<\/strong>,\npod\u013ea <strong>mont\u00e1\u017e <\/strong>\u0161tandardn\u00e9 moduly pozd\u013a\u017e osi, priamo na mieste alebo v\npriamo na mieste alebo v dielni.<\/p>\n\n\n\n<p>Le <strong>Polym\u00e9r<\/strong>\npou\u017eit\u00e1 na v\u00fdrobu skrutky Archimedys\u2122 tlm\u00ed hluk pri prev\u00e1dzke. Je to\nm\u00e1 tie\u017e tieto vlastnosti, <strong>vysok\u00e1 odolnos\u0165 proti kor\u00f3zii<\/strong>na <strong>kyseliny<\/strong>,\nz\u00e1sady a mno\u017estvo agres\u00edvnych chemik\u00e1li\u00ed. Jeho odolnos\u0165 vo\u010di\nje v niektor\u00fdch pr\u00edpadoch trikr\u00e1t v\u00e4\u010d\u0161ia ako odolnos\u0165 ocele.<\/p>\n\n\n\n<p>V pr\u00edpade incidentu\na oblas\u0165 skrutky je zni\u010den\u00e1, po\u0161koden\u00e9 moduly s\u00fa jednoducho\nnahradia. \u00dadr\u017ebov\u00e9 oper\u00e1cie s\u00fa r\u00fdchle a zni\u017euj\u00fa vplyv na produktivitu.\nproduktivitu. <\/p>\n\n\n\n<p>Nev\u00e1hajte\nnev\u00e1hajte <a href=\"https:\/\/archimedys.fr\/sk\/contact\/\">kontakt<\/a> pre v\u0161etky inform\u00e1cie. Sme\nnavrhujeme a vyr\u00e1bame mechanick\u00e9 diely potrebn\u00e9 na in\u0161tal\u00e1ciu alebo \u00fapravu\nin\u0161tal\u00e1cia alebo adapt\u00e1cia modul\u00e1rnych skrutiek na va\u0161e existuj\u00face in\u0161tal\u00e1cie\nalebo nov\u00e9 zariadenia.<\/p>","protected":false},"excerpt":{"rendered":"<p>Archimedys\u2122, r\u00e9volution technologique pour le transport de colorants en poudre De nombreuses industries utilisent des vis d\u2019Archim\u00e8de pour le transport de produits en vrac. Une v\u00e9ritable r\u00e9volution technologique est en cours avec l\u2019arriv\u00e9e sur le march\u00e9 des convoyeurs de vis Archimedys\u2122 modulaire en polym\u00e8res. Ses avantages sont nombreux et de plus en plus d\u2019industriels d\u00e9cident [&hellip;]<\/p>\n","protected":false},"author":2,"featured_media":7267,"comment_status":"closed","ping_status":"closed","sticky":false,"template":"","format":"standard","meta":{"_acf_changed":false,"footnotes":""},"categories":[8],"tags":[],"class_list":["post-1439","post","type-post","status-publish","format-standard","has-post-thumbnail","hentry","category-realisations"],"acf":[],"yoast_head":"<!-- This site is optimized with the Yoast SEO plugin v27.2 - https:\/\/yoast.com\/product\/yoast-seo-wordpress\/ -->\n<title>Archimedys\u2122 \u00e9quipe les lignes pour le transport de colorants en poudre<\/title>\n<meta name=\"description\" content=\"Archimedys\u2122 \u00e9quip\u00e9e pour le transport des colorants en poudre pour c\u00e9ramique chez le leader mondial des colorants pour c\u00e9ramique et carrelages\" \/>\n<meta name=\"robots\" content=\"index, follow, max-snippet:-1, max-image-preview:large, max-video-preview:-1\" \/>\n<link rel=\"canonical\" href=\"https:\/\/archimedys.fr\/sk\/archimedys-colorants-poudre\/\" \/>\n<meta property=\"og:locale\" content=\"sk_SK\" \/>\n<meta property=\"og:type\" content=\"article\" \/>\n<meta property=\"og:title\" content=\"Archimedys\u2122 \u00e9quipe les lignes pour le transport de colorants en poudre\" \/>\n<meta property=\"og:description\" content=\"Archimedys\u2122 \u00e9quip\u00e9e pour le transport des colorants en poudre pour c\u00e9ramique chez le leader mondial des colorants pour c\u00e9ramique et carrelages\" \/>\n<meta property=\"og:url\" content=\"https:\/\/archimedys.fr\/sk\/archimedys-colorants-poudre\/\" \/>\n<meta property=\"og:site_name\" content=\"Archimedys\" \/>\n<meta property=\"article:published_time\" content=\"2018-06-22T08:43:23+00:00\" \/>\n<meta property=\"article:modified_time\" content=\"2025-09-15T13:48:12+00:00\" \/>\n<meta property=\"og:image\" content=\"https:\/\/archimedys.fr\/wp-content\/uploads\/2018\/06\/thom-masat-8kLFdQh6scA-unsplash-683x1024-1.jpg\" \/>\n\t<meta property=\"og:image:width\" content=\"683\" \/>\n\t<meta property=\"og:image:height\" content=\"1024\" \/>\n\t<meta property=\"og:image:type\" content=\"image\/jpeg\" \/>\n<meta name=\"author\" content=\"archimedysfr\" \/>\n<meta name=\"twitter:card\" content=\"summary_large_image\" \/>\n<meta name=\"twitter:label1\" content=\"Autor\" \/>\n\t<meta name=\"twitter:data1\" content=\"archimedysfr\" \/>\n\t<meta name=\"twitter:label2\" content=\"Predpokladan\u00fd \u010das \u010d\u00edtania\" \/>\n\t<meta name=\"twitter:data2\" content=\"2 min\u00faty\" \/>\n<script type=\"application\/ld+json\" class=\"yoast-schema-graph\">{\"@context\":\"https:\/\/schema.org\",\"@graph\":[{\"@type\":\"Article\",\"@id\":\"https:\/\/archimedys.fr\/archimedys-colorants-poudre\/#article\",\"isPartOf\":{\"@id\":\"https:\/\/archimedys.fr\/archimedys-colorants-poudre\/\"},\"author\":{\"name\":\"archimedysfr\",\"@id\":\"https:\/\/archimedys.fr\/#\/schema\/person\/0f326e2d3d04e71bf982c6dbcc6c070f\"},\"headline\":\"Archimedys\u2122 \u00e9quipe les lignes pour le transport de colorants en poudre\",\"datePublished\":\"2018-06-22T08:43:23+00:00\",\"dateModified\":\"2025-09-15T13:48:12+00:00\",\"mainEntityOfPage\":{\"@id\":\"https:\/\/archimedys.fr\/archimedys-colorants-poudre\/\"},\"wordCount\":448,\"publisher\":{\"@id\":\"https:\/\/archimedys.fr\/#organization\"},\"image\":{\"@id\":\"https:\/\/archimedys.fr\/archimedys-colorants-poudre\/#primaryimage\"},\"thumbnailUrl\":\"https:\/\/archimedys.fr\/wp-content\/uploads\/2018\/06\/thom-masat-8kLFdQh6scA-unsplash-683x1024-1.jpg\",\"articleSection\":[\"R\u00e9alisations\"],\"inLanguage\":\"sk-SK\"},{\"@type\":\"WebPage\",\"@id\":\"https:\/\/archimedys.fr\/archimedys-colorants-poudre\/\",\"url\":\"https:\/\/archimedys.fr\/archimedys-colorants-poudre\/\",\"name\":\"Archimedys\u2122 \u00e9quipe les lignes pour le transport de colorants en poudre\",\"isPartOf\":{\"@id\":\"https:\/\/archimedys.fr\/#website\"},\"primaryImageOfPage\":{\"@id\":\"https:\/\/archimedys.fr\/archimedys-colorants-poudre\/#primaryimage\"},\"image\":{\"@id\":\"https:\/\/archimedys.fr\/archimedys-colorants-poudre\/#primaryimage\"},\"thumbnailUrl\":\"https:\/\/archimedys.fr\/wp-content\/uploads\/2018\/06\/thom-masat-8kLFdQh6scA-unsplash-683x1024-1.jpg\",\"datePublished\":\"2018-06-22T08:43:23+00:00\",\"dateModified\":\"2025-09-15T13:48:12+00:00\",\"description\":\"Archimedys\u2122 \u00e9quip\u00e9e pour le transport des colorants en poudre pour c\u00e9ramique chez le leader mondial des colorants pour c\u00e9ramique et carrelages\",\"breadcrumb\":{\"@id\":\"https:\/\/archimedys.fr\/archimedys-colorants-poudre\/#breadcrumb\"},\"inLanguage\":\"sk-SK\",\"potentialAction\":[{\"@type\":\"ReadAction\",\"target\":[\"https:\/\/archimedys.fr\/archimedys-colorants-poudre\/\"]}]},{\"@type\":\"ImageObject\",\"inLanguage\":\"sk-SK\",\"@id\":\"https:\/\/archimedys.fr\/archimedys-colorants-poudre\/#primaryimage\",\"url\":\"https:\/\/archimedys.fr\/wp-content\/uploads\/2018\/06\/thom-masat-8kLFdQh6scA-unsplash-683x1024-1.jpg\",\"contentUrl\":\"https:\/\/archimedys.fr\/wp-content\/uploads\/2018\/06\/thom-masat-8kLFdQh6scA-unsplash-683x1024-1.jpg\",\"width\":683,\"height\":1024,\"caption\":\"Poudre vis sans fin convoyage\"},{\"@type\":\"BreadcrumbList\",\"@id\":\"https:\/\/archimedys.fr\/archimedys-colorants-poudre\/#breadcrumb\",\"itemListElement\":[{\"@type\":\"ListItem\",\"position\":1,\"name\":\"Accueil\",\"item\":\"https:\/\/archimedys.fr\/\"},{\"@type\":\"ListItem\",\"position\":2,\"name\":\"Archimedys\u2122 \u00e9quipe les lignes pour le transport de colorants en poudre\"}]},{\"@type\":\"WebSite\",\"@id\":\"https:\/\/archimedys.fr\/#website\",\"url\":\"https:\/\/archimedys.fr\/\",\"name\":\"Archimedys\",\"description\":\"\",\"publisher\":{\"@id\":\"https:\/\/archimedys.fr\/#organization\"},\"potentialAction\":[{\"@type\":\"SearchAction\",\"target\":{\"@type\":\"EntryPoint\",\"urlTemplate\":\"https:\/\/archimedys.fr\/?s={search_term_string}\"},\"query-input\":{\"@type\":\"PropertyValueSpecification\",\"valueRequired\":true,\"valueName\":\"search_term_string\"}}],\"inLanguage\":\"sk-SK\"},{\"@type\":\"Organization\",\"@id\":\"https:\/\/archimedys.fr\/#organization\",\"name\":\"Archimedys\",\"url\":\"https:\/\/archimedys.fr\/\",\"logo\":{\"@type\":\"ImageObject\",\"inLanguage\":\"sk-SK\",\"@id\":\"https:\/\/archimedys.fr\/#\/schema\/logo\/image\/\",\"url\":\"https:\/\/archimedys.fr\/wp-content\/uploads\/2025\/03\/Design-sans-titre.svg\",\"contentUrl\":\"https:\/\/archimedys.fr\/wp-content\/uploads\/2025\/03\/Design-sans-titre.svg\",\"width\":350,\"height\":100,\"caption\":\"Archimedys\"},\"image\":{\"@id\":\"https:\/\/archimedys.fr\/#\/schema\/logo\/image\/\"}},{\"@type\":\"Person\",\"@id\":\"https:\/\/archimedys.fr\/#\/schema\/person\/0f326e2d3d04e71bf982c6dbcc6c070f\",\"name\":\"archimedysfr\",\"image\":{\"@type\":\"ImageObject\",\"inLanguage\":\"sk-SK\",\"@id\":\"https:\/\/secure.gravatar.com\/avatar\/fd139960b5e96d7b31909239e427395b1670a5fce144ef6fab09f0962547e133?s=96&d=mm&r=g\",\"url\":\"https:\/\/secure.gravatar.com\/avatar\/fd139960b5e96d7b31909239e427395b1670a5fce144ef6fab09f0962547e133?s=96&d=mm&r=g\",\"contentUrl\":\"https:\/\/secure.gravatar.com\/avatar\/fd139960b5e96d7b31909239e427395b1670a5fce144ef6fab09f0962547e133?s=96&d=mm&r=g\",\"caption\":\"archimedysfr\"},\"url\":\"https:\/\/archimedys.fr\/sk\/author\/archimedysfr\/\"}]}<\/script>\n<!-- \/ Yoast SEO plugin. -->","yoast_head_json":{"title":"Archimedys\u2122 vybavuje linky na prepravu pr\u00e1\u0161kov\u00fdch farb\u00edv","description":"Archimedys\u2122 \u00e9quip\u00e9e pour le transport des colorants en poudre pour c\u00e9ramique chez le leader mondial des colorants pour c\u00e9ramique et carrelages","robots":{"index":"index","follow":"follow","max-snippet":"max-snippet:-1","max-image-preview":"max-image-preview:large","max-video-preview":"max-video-preview:-1"},"canonical":"https:\/\/archimedys.fr\/sk\/archimedys-colorants-poudre\/","og_locale":"sk_SK","og_type":"article","og_title":"Archimedys\u2122 \u00e9quipe les lignes pour le transport de colorants en poudre","og_description":"Archimedys\u2122 \u00e9quip\u00e9e pour le transport des colorants en poudre pour c\u00e9ramique chez le leader mondial des colorants pour c\u00e9ramique et carrelages","og_url":"https:\/\/archimedys.fr\/sk\/archimedys-colorants-poudre\/","og_site_name":"Archimedys","article_published_time":"2018-06-22T08:43:23+00:00","article_modified_time":"2025-09-15T13:48:12+00:00","og_image":[{"width":683,"height":1024,"url":"https:\/\/archimedys.fr\/wp-content\/uploads\/2018\/06\/thom-masat-8kLFdQh6scA-unsplash-683x1024-1.jpg","type":"image\/jpeg"}],"author":"archimedysfr","twitter_card":"summary_large_image","twitter_misc":{"Autor":"archimedysfr","Predpokladan\u00fd \u010das \u010d\u00edtania":"2 min\u00faty"},"schema":{"@context":"https:\/\/schema.org","@graph":[{"@type":"Article","@id":"https:\/\/archimedys.fr\/archimedys-colorants-poudre\/#article","isPartOf":{"@id":"https:\/\/archimedys.fr\/archimedys-colorants-poudre\/"},"author":{"name":"archimedysfr","@id":"https:\/\/archimedys.fr\/#\/schema\/person\/0f326e2d3d04e71bf982c6dbcc6c070f"},"headline":"Archimedys\u2122 \u00e9quipe les lignes pour le transport de colorants en poudre","datePublished":"2018-06-22T08:43:23+00:00","dateModified":"2025-09-15T13:48:12+00:00","mainEntityOfPage":{"@id":"https:\/\/archimedys.fr\/archimedys-colorants-poudre\/"},"wordCount":448,"publisher":{"@id":"https:\/\/archimedys.fr\/#organization"},"image":{"@id":"https:\/\/archimedys.fr\/archimedys-colorants-poudre\/#primaryimage"},"thumbnailUrl":"https:\/\/archimedys.fr\/wp-content\/uploads\/2018\/06\/thom-masat-8kLFdQh6scA-unsplash-683x1024-1.jpg","articleSection":["R\u00e9alisations"],"inLanguage":"sk-SK"},{"@type":"WebPage","@id":"https:\/\/archimedys.fr\/archimedys-colorants-poudre\/","url":"https:\/\/archimedys.fr\/archimedys-colorants-poudre\/","name":"Archimedys\u2122 vybavuje linky na prepravu pr\u00e1\u0161kov\u00fdch farb\u00edv","isPartOf":{"@id":"https:\/\/archimedys.fr\/#website"},"primaryImageOfPage":{"@id":"https:\/\/archimedys.fr\/archimedys-colorants-poudre\/#primaryimage"},"image":{"@id":"https:\/\/archimedys.fr\/archimedys-colorants-poudre\/#primaryimage"},"thumbnailUrl":"https:\/\/archimedys.fr\/wp-content\/uploads\/2018\/06\/thom-masat-8kLFdQh6scA-unsplash-683x1024-1.jpg","datePublished":"2018-06-22T08:43:23+00:00","dateModified":"2025-09-15T13:48:12+00:00","description":"Archimedys\u2122 \u00e9quip\u00e9e pour le transport des colorants en poudre pour c\u00e9ramique chez le leader mondial des colorants pour c\u00e9ramique et carrelages","breadcrumb":{"@id":"https:\/\/archimedys.fr\/archimedys-colorants-poudre\/#breadcrumb"},"inLanguage":"sk-SK","potentialAction":[{"@type":"ReadAction","target":["https:\/\/archimedys.fr\/archimedys-colorants-poudre\/"]}]},{"@type":"ImageObject","inLanguage":"sk-SK","@id":"https:\/\/archimedys.fr\/archimedys-colorants-poudre\/#primaryimage","url":"https:\/\/archimedys.fr\/wp-content\/uploads\/2018\/06\/thom-masat-8kLFdQh6scA-unsplash-683x1024-1.jpg","contentUrl":"https:\/\/archimedys.fr\/wp-content\/uploads\/2018\/06\/thom-masat-8kLFdQh6scA-unsplash-683x1024-1.jpg","width":683,"height":1024,"caption":"Poudre vis sans fin convoyage"},{"@type":"BreadcrumbList","@id":"https:\/\/archimedys.fr\/archimedys-colorants-poudre\/#breadcrumb","itemListElement":[{"@type":"ListItem","position":1,"name":"Accueil","item":"https:\/\/archimedys.fr\/"},{"@type":"ListItem","position":2,"name":"Archimedys\u2122 \u00e9quipe les lignes pour le transport de colorants en poudre"}]},{"@type":"WebSite","@id":"https:\/\/archimedys.fr\/#website","url":"https:\/\/archimedys.fr\/","name":"Archimedys","description":"","publisher":{"@id":"https:\/\/archimedys.fr\/#organization"},"potentialAction":[{"@type":"SearchAction","target":{"@type":"EntryPoint","urlTemplate":"https:\/\/archimedys.fr\/?s={search_term_string}"},"query-input":{"@type":"PropertyValueSpecification","valueRequired":true,"valueName":"search_term_string"}}],"inLanguage":"sk-SK"},{"@type":"Organization","@id":"https:\/\/archimedys.fr\/#organization","name":"Archimedys","url":"https:\/\/archimedys.fr\/","logo":{"@type":"ImageObject","inLanguage":"sk-SK","@id":"https:\/\/archimedys.fr\/#\/schema\/logo\/image\/","url":"https:\/\/archimedys.fr\/wp-content\/uploads\/2025\/03\/Design-sans-titre.svg","contentUrl":"https:\/\/archimedys.fr\/wp-content\/uploads\/2025\/03\/Design-sans-titre.svg","width":350,"height":100,"caption":"Archimedys"},"image":{"@id":"https:\/\/archimedys.fr\/#\/schema\/logo\/image\/"}},{"@type":"Person","@id":"https:\/\/archimedys.fr\/#\/schema\/person\/0f326e2d3d04e71bf982c6dbcc6c070f","name":"archimedysfr","image":{"@type":"ImageObject","inLanguage":"sk-SK","@id":"https:\/\/secure.gravatar.com\/avatar\/fd139960b5e96d7b31909239e427395b1670a5fce144ef6fab09f0962547e133?s=96&d=mm&r=g","url":"https:\/\/secure.gravatar.com\/avatar\/fd139960b5e96d7b31909239e427395b1670a5fce144ef6fab09f0962547e133?s=96&d=mm&r=g","contentUrl":"https:\/\/secure.gravatar.com\/avatar\/fd139960b5e96d7b31909239e427395b1670a5fce144ef6fab09f0962547e133?s=96&d=mm&r=g","caption":"archimedysfr"},"url":"https:\/\/archimedys.fr\/sk\/author\/archimedysfr\/"}]}},"_links":{"self":[{"href":"https:\/\/archimedys.fr\/sk\/wp-json\/wp\/v2\/posts\/1439","targetHints":{"allow":["GET"]}}],"collection":[{"href":"https:\/\/archimedys.fr\/sk\/wp-json\/wp\/v2\/posts"}],"about":[{"href":"https:\/\/archimedys.fr\/sk\/wp-json\/wp\/v2\/types\/post"}],"author":[{"embeddable":true,"href":"https:\/\/archimedys.fr\/sk\/wp-json\/wp\/v2\/users\/2"}],"replies":[{"embeddable":true,"href":"https:\/\/archimedys.fr\/sk\/wp-json\/wp\/v2\/comments?post=1439"}],"version-history":[{"count":2,"href":"https:\/\/archimedys.fr\/sk\/wp-json\/wp\/v2\/posts\/1439\/revisions"}],"predecessor-version":[{"id":8162,"href":"https:\/\/archimedys.fr\/sk\/wp-json\/wp\/v2\/posts\/1439\/revisions\/8162"}],"wp:featuredmedia":[{"embeddable":true,"href":"https:\/\/archimedys.fr\/sk\/wp-json\/wp\/v2\/media\/7267"}],"wp:attachment":[{"href":"https:\/\/archimedys.fr\/sk\/wp-json\/wp\/v2\/media?parent=1439"}],"wp:term":[{"taxonomy":"category","embeddable":true,"href":"https:\/\/archimedys.fr\/sk\/wp-json\/wp\/v2\/categories?post=1439"},{"taxonomy":"post_tag","embeddable":true,"href":"https:\/\/archimedys.fr\/sk\/wp-json\/wp\/v2\/tags?post=1439"}],"curies":[{"name":"wp","href":"https:\/\/api.w.org\/{rel}","templated":true}]}}