{"id":2129,"date":"2015-07-27T15:07:32","date_gmt":"2015-07-27T13:07:32","guid":{"rendered":"https:\/\/archimedys.fr\/?p=2129"},"modified":"2025-09-15T13:48:14","modified_gmt":"2025-09-15T13:48:14","slug":"archimedys-traitement-dechets-organiques","status":"publish","type":"post","link":"https:\/\/archimedys.fr\/pt\/archimedys-traitement-dechets-organiques\/","title":{"rendered":"Archimedys\u2122 para o tratamento de res\u00edduos org\u00e2nicos"},"content":{"rendered":"<div class=\"wp-block-image\"><figure class=\"aligncenter size-large is-resized\"><img fetchpriority=\"high\" decoding=\"async\" src=\"https:\/\/archimedys.fr\/wp-content\/uploads\/2020\/01\/before-after-875x1024.jpg\" alt=\"Before and after Archimedys\u2122\" class=\"wp-image-2130\" width=\"416\" height=\"487\"\/><\/figure><\/div>\n\n\n\n<h3 class=\"wp-block-heading\">Archimedys\u2122 utilizado no tratamento de res\u00edduos org\u00e2nicos <\/h3>\n\n\n\n<p>Um dos nossos clientes, especialista no tratamento e reciclagem de <strong>res\u00edduos org\u00e2nicos dom\u00e9sticos<\/strong>optou por <strong>Archimedys\u2122<\/strong> para substituir um parafuso transportador de a\u00e7o. A empresa recorreu ao parafuso modular Arquimedes para melhorar a vida \u00fatil de um transportador que estava a sofrer de desgaste anormal, ru\u00eddo e elevados custos de manuten\u00e7\u00e3o.<\/p>\n\n\n\n<h4 class=\"wp-block-heading\">Os problemas associados a um parafuso de a\u00e7o est\u00e3o a desaparecer<\/h4>\n\n\n\n<p>Neste tipo de transportador, os rolamentos interm\u00e9dios n\u00e3o podem ser montados num parafuso de a\u00e7o. Isto deve-se ao facto de o parafuso assentar no fundo da calha, que est\u00e1 equipado com sapatas de apoio.<\/p>\n\n\n\n<p>O desgaste por\nabras\u00e3o do parafuso e da calha devido \u00e0 sua simples fric\u00e7\u00e3o constitu\u00eda\no principal problema a resolver. Este problema era agravado pelo produto a transportar\ntransportado, que por vezes inclu\u00eda areia, vidro e \u00e1gua.<\/p>\n\n\n\n<p>O Archimedys\u2122, que n\u00e3o necessita de rolamentos interm\u00e9dios, proporcionou uma solu\u00e7\u00e3o simples para todos estes problemas. As equipas de manuten\u00e7\u00e3o do local montaram o parafuso na base do transportador sem qualquer equipamento de manuseamento. O parafuso a substituir tinha um di\u00e2metro de 300 mm (12\") e um comprimento de tr\u00eas metros (10\"). A equipa de manuten\u00e7\u00e3o da f\u00e1brica encarregou-se de construir o parafuso Archimedys\u2122 e de o substituir no local. N\u00e3o foram necess\u00e1rias modifica\u00e7\u00f5es no transportador. <\/p>\n\n\n\n<h4 class=\"wp-block-heading\">Melhoria da manuten\u00e7\u00e3o<\/h4>\n\n\n\n<p>Em caso de incidentes graves, apenas s\u00e3o substitu\u00eddos os m\u00f3dulos danificados. O parafuso completo j\u00e1 n\u00e3o \u00e9 substitu\u00eddo. As opera\u00e7\u00f5es de manuten\u00e7\u00e3o s\u00e3o r\u00e1pidas e f\u00e1ceis. Os tempos de paragem e os custos de manuten\u00e7\u00e3o s\u00e3o reduzidos.<\/p>\n\n\n\n<h4 class=\"wp-block-heading\">Archimedys\u2122 , uma revolu\u00e7\u00e3o tecnol\u00f3gica!<\/h4>\n\n\n\n<p>As vantagens do parafuso modular Archimedys\u2122 s\u00e3o tais que, todos os dias, cada vez mais fabricantes decidem abandonar o a\u00e7o em favor dos pol\u00edmeros. Assistimos, portanto, a uma verdadeira revolu\u00e7\u00e3o tecnol\u00f3gica no sector dos gran\u00e9is. <\/p>\n\n\n\n<p>Se quiser\nquiser saber mais sobre os nossos&nbsp;<strong>Parafuso de Arquimedes&nbsp;<\/strong>Archimedys\u2122\nem pol\u00edmero, convidamo-lo a&nbsp;<a href=\"https:\/\/archimedys.fr\/pt\/contact\/\">contactar-nos<\/a>&nbsp;sem mais delongas. Podemos ajud\u00e1-lo em todos os seus\ntodos os seus projectos, oferecendo-lhe o equipamento mais adequado \u00e0 sua atividade.\na sua atividade. <\/p>","protected":false},"excerpt":{"rendered":"<p>Archimedys\u2122 utilis\u00e9e dans le traitement de d\u00e9chets organiques Un de nos clients, sp\u00e9cialiste du traitement et recyclage des d\u00e9chets m\u00e9nagers organiques, a choisi Archimedys\u2122 pour le remplacement d\u2019une vis de convoyeur en acier. Ce dernier s\u2019est tourn\u00e9 vers la vis d\u2019Archim\u00e8de modulaire afin am\u00e9liorer la dur\u00e9e de vie d\u2019un convoyeur qui posait des probl\u00e8mes d\u2019usure [&hellip;]<\/p>\n","protected":false},"author":2,"featured_media":2130,"comment_status":"closed","ping_status":"closed","sticky":false,"template":"","format":"standard","meta":{"_acf_changed":false,"footnotes":""},"categories":[8],"tags":[],"class_list":["post-2129","post","type-post","status-publish","format-standard","has-post-thumbnail","hentry","category-realisations"],"acf":[],"yoast_head":"<!-- This site is optimized with the Yoast SEO plugin v27.2 - https:\/\/yoast.com\/product\/yoast-seo-wordpress\/ -->\n<title>Archimedys\u2122 pour le traitement de d\u00e9chets organiques - Archimedys<\/title>\n<meta name=\"description\" content=\"La vis d&#039;Archim\u00e8de modulaire Archimedys\u2122 \u00e9quip\u00e9e chez un de nos clients sp\u00e9cialiste dans le traitement de d\u00e9chets organiques\" \/>\n<meta name=\"robots\" content=\"index, follow, max-snippet:-1, max-image-preview:large, max-video-preview:-1\" \/>\n<link rel=\"canonical\" href=\"https:\/\/archimedys.fr\/pt\/archimedys-traitement-dechets-organiques\/\" \/>\n<meta property=\"og:locale\" content=\"pt_PT\" \/>\n<meta property=\"og:type\" content=\"article\" \/>\n<meta property=\"og:title\" content=\"Archimedys\u2122 pour le traitement de d\u00e9chets organiques - Archimedys\" \/>\n<meta property=\"og:description\" content=\"La vis d&#039;Archim\u00e8de modulaire Archimedys\u2122 \u00e9quip\u00e9e chez un de nos clients sp\u00e9cialiste dans le traitement de d\u00e9chets organiques\" \/>\n<meta property=\"og:url\" content=\"https:\/\/archimedys.fr\/pt\/archimedys-traitement-dechets-organiques\/\" \/>\n<meta property=\"og:site_name\" content=\"Archimedys\" \/>\n<meta property=\"article:published_time\" content=\"2015-07-27T13:07:32+00:00\" \/>\n<meta property=\"article:modified_time\" content=\"2025-09-15T13:48:14+00:00\" \/>\n<meta property=\"og:image\" content=\"https:\/\/archimedys.fr\/wp-content\/uploads\/2020\/01\/before-after-scaled-1.jpg\" \/>\n\t<meta property=\"og:image:width\" content=\"2188\" \/>\n\t<meta property=\"og:image:height\" content=\"2560\" \/>\n\t<meta property=\"og:image:type\" content=\"image\/jpeg\" \/>\n<meta name=\"author\" content=\"archimedysfr\" \/>\n<meta name=\"twitter:card\" content=\"summary_large_image\" \/>\n<meta name=\"twitter:label1\" content=\"Escrito por\" \/>\n\t<meta name=\"twitter:data1\" content=\"archimedysfr\" \/>\n\t<meta name=\"twitter:label2\" content=\"Tempo estimado de leitura\" \/>\n\t<meta name=\"twitter:data2\" content=\"2 minutos\" \/>\n<script type=\"application\/ld+json\" class=\"yoast-schema-graph\">{\"@context\":\"https:\/\/schema.org\",\"@graph\":[{\"@type\":\"Article\",\"@id\":\"https:\/\/archimedys.fr\/archimedys-traitement-dechets-organiques\/#article\",\"isPartOf\":{\"@id\":\"https:\/\/archimedys.fr\/archimedys-traitement-dechets-organiques\/\"},\"author\":{\"name\":\"archimedysfr\",\"@id\":\"https:\/\/archimedys.fr\/#\/schema\/person\/0f326e2d3d04e71bf982c6dbcc6c070f\"},\"headline\":\"Archimedys\u2122 pour le traitement de d\u00e9chets organiques\",\"datePublished\":\"2015-07-27T13:07:32+00:00\",\"dateModified\":\"2025-09-15T13:48:14+00:00\",\"mainEntityOfPage\":{\"@id\":\"https:\/\/archimedys.fr\/archimedys-traitement-dechets-organiques\/\"},\"wordCount\":407,\"publisher\":{\"@id\":\"https:\/\/archimedys.fr\/#organization\"},\"image\":{\"@id\":\"https:\/\/archimedys.fr\/archimedys-traitement-dechets-organiques\/#primaryimage\"},\"thumbnailUrl\":\"https:\/\/archimedys.fr\/wp-content\/uploads\/2020\/01\/before-after-scaled-1.jpg\",\"articleSection\":[\"R\u00e9alisations\"],\"inLanguage\":\"pt-PT\"},{\"@type\":\"WebPage\",\"@id\":\"https:\/\/archimedys.fr\/archimedys-traitement-dechets-organiques\/\",\"url\":\"https:\/\/archimedys.fr\/archimedys-traitement-dechets-organiques\/\",\"name\":\"Archimedys\u2122 pour le traitement de d\u00e9chets organiques - Archimedys\",\"isPartOf\":{\"@id\":\"https:\/\/archimedys.fr\/#website\"},\"primaryImageOfPage\":{\"@id\":\"https:\/\/archimedys.fr\/archimedys-traitement-dechets-organiques\/#primaryimage\"},\"image\":{\"@id\":\"https:\/\/archimedys.fr\/archimedys-traitement-dechets-organiques\/#primaryimage\"},\"thumbnailUrl\":\"https:\/\/archimedys.fr\/wp-content\/uploads\/2020\/01\/before-after-scaled-1.jpg\",\"datePublished\":\"2015-07-27T13:07:32+00:00\",\"dateModified\":\"2025-09-15T13:48:14+00:00\",\"description\":\"La vis d'Archim\u00e8de modulaire Archimedys\u2122 \u00e9quip\u00e9e chez un de nos clients sp\u00e9cialiste dans le traitement de d\u00e9chets organiques\",\"breadcrumb\":{\"@id\":\"https:\/\/archimedys.fr\/archimedys-traitement-dechets-organiques\/#breadcrumb\"},\"inLanguage\":\"pt-PT\",\"potentialAction\":[{\"@type\":\"ReadAction\",\"target\":[\"https:\/\/archimedys.fr\/archimedys-traitement-dechets-organiques\/\"]}]},{\"@type\":\"ImageObject\",\"inLanguage\":\"pt-PT\",\"@id\":\"https:\/\/archimedys.fr\/archimedys-traitement-dechets-organiques\/#primaryimage\",\"url\":\"https:\/\/archimedys.fr\/wp-content\/uploads\/2020\/01\/before-after-scaled-1.jpg\",\"contentUrl\":\"https:\/\/archimedys.fr\/wp-content\/uploads\/2020\/01\/before-after-scaled-1.jpg\",\"width\":2188,\"height\":2560,\"caption\":\"Remplacement d'une vis en acier par une vis modulaire en plastique\"},{\"@type\":\"BreadcrumbList\",\"@id\":\"https:\/\/archimedys.fr\/archimedys-traitement-dechets-organiques\/#breadcrumb\",\"itemListElement\":[{\"@type\":\"ListItem\",\"position\":1,\"name\":\"Accueil\",\"item\":\"https:\/\/archimedys.fr\/\"},{\"@type\":\"ListItem\",\"position\":2,\"name\":\"Archimedys\u2122 pour le traitement de d\u00e9chets organiques\"}]},{\"@type\":\"WebSite\",\"@id\":\"https:\/\/archimedys.fr\/#website\",\"url\":\"https:\/\/archimedys.fr\/\",\"name\":\"Archimedys\",\"description\":\"\",\"publisher\":{\"@id\":\"https:\/\/archimedys.fr\/#organization\"},\"potentialAction\":[{\"@type\":\"SearchAction\",\"target\":{\"@type\":\"EntryPoint\",\"urlTemplate\":\"https:\/\/archimedys.fr\/?s={search_term_string}\"},\"query-input\":{\"@type\":\"PropertyValueSpecification\",\"valueRequired\":true,\"valueName\":\"search_term_string\"}}],\"inLanguage\":\"pt-PT\"},{\"@type\":\"Organization\",\"@id\":\"https:\/\/archimedys.fr\/#organization\",\"name\":\"Archimedys\",\"url\":\"https:\/\/archimedys.fr\/\",\"logo\":{\"@type\":\"ImageObject\",\"inLanguage\":\"pt-PT\",\"@id\":\"https:\/\/archimedys.fr\/#\/schema\/logo\/image\/\",\"url\":\"https:\/\/archimedys.fr\/wp-content\/uploads\/2025\/03\/Design-sans-titre.svg\",\"contentUrl\":\"https:\/\/archimedys.fr\/wp-content\/uploads\/2025\/03\/Design-sans-titre.svg\",\"width\":350,\"height\":100,\"caption\":\"Archimedys\"},\"image\":{\"@id\":\"https:\/\/archimedys.fr\/#\/schema\/logo\/image\/\"}},{\"@type\":\"Person\",\"@id\":\"https:\/\/archimedys.fr\/#\/schema\/person\/0f326e2d3d04e71bf982c6dbcc6c070f\",\"name\":\"archimedysfr\",\"image\":{\"@type\":\"ImageObject\",\"inLanguage\":\"pt-PT\",\"@id\":\"https:\/\/secure.gravatar.com\/avatar\/fd139960b5e96d7b31909239e427395b1670a5fce144ef6fab09f0962547e133?s=96&d=mm&r=g\",\"url\":\"https:\/\/secure.gravatar.com\/avatar\/fd139960b5e96d7b31909239e427395b1670a5fce144ef6fab09f0962547e133?s=96&d=mm&r=g\",\"contentUrl\":\"https:\/\/secure.gravatar.com\/avatar\/fd139960b5e96d7b31909239e427395b1670a5fce144ef6fab09f0962547e133?s=96&d=mm&r=g\",\"caption\":\"archimedysfr\"},\"url\":\"https:\/\/archimedys.fr\/pt\/author\/archimedysfr\/\"}]}<\/script>\n<!-- \/ Yoast SEO plugin. -->","yoast_head_json":{"title":"Archimedys\u2122 pour le traitement de d\u00e9chets organiques - Archimedys","description":"La vis d'Archim\u00e8de modulaire Archimedys\u2122 \u00e9quip\u00e9e chez un de nos clients sp\u00e9cialiste dans le traitement de d\u00e9chets organiques","robots":{"index":"index","follow":"follow","max-snippet":"max-snippet:-1","max-image-preview":"max-image-preview:large","max-video-preview":"max-video-preview:-1"},"canonical":"https:\/\/archimedys.fr\/pt\/archimedys-traitement-dechets-organiques\/","og_locale":"pt_PT","og_type":"article","og_title":"Archimedys\u2122 pour le traitement de d\u00e9chets organiques - Archimedys","og_description":"La vis d'Archim\u00e8de modulaire Archimedys\u2122 \u00e9quip\u00e9e chez un de nos clients sp\u00e9cialiste dans le traitement de d\u00e9chets organiques","og_url":"https:\/\/archimedys.fr\/pt\/archimedys-traitement-dechets-organiques\/","og_site_name":"Archimedys","article_published_time":"2015-07-27T13:07:32+00:00","article_modified_time":"2025-09-15T13:48:14+00:00","og_image":[{"width":2188,"height":2560,"url":"https:\/\/archimedys.fr\/wp-content\/uploads\/2020\/01\/before-after-scaled-1.jpg","type":"image\/jpeg"}],"author":"archimedysfr","twitter_card":"summary_large_image","twitter_misc":{"Escrito por":"archimedysfr","Tempo estimado de leitura":"2 minutos"},"schema":{"@context":"https:\/\/schema.org","@graph":[{"@type":"Article","@id":"https:\/\/archimedys.fr\/archimedys-traitement-dechets-organiques\/#article","isPartOf":{"@id":"https:\/\/archimedys.fr\/archimedys-traitement-dechets-organiques\/"},"author":{"name":"archimedysfr","@id":"https:\/\/archimedys.fr\/#\/schema\/person\/0f326e2d3d04e71bf982c6dbcc6c070f"},"headline":"Archimedys\u2122 pour le traitement de d\u00e9chets organiques","datePublished":"2015-07-27T13:07:32+00:00","dateModified":"2025-09-15T13:48:14+00:00","mainEntityOfPage":{"@id":"https:\/\/archimedys.fr\/archimedys-traitement-dechets-organiques\/"},"wordCount":407,"publisher":{"@id":"https:\/\/archimedys.fr\/#organization"},"image":{"@id":"https:\/\/archimedys.fr\/archimedys-traitement-dechets-organiques\/#primaryimage"},"thumbnailUrl":"https:\/\/archimedys.fr\/wp-content\/uploads\/2020\/01\/before-after-scaled-1.jpg","articleSection":["R\u00e9alisations"],"inLanguage":"pt-PT"},{"@type":"WebPage","@id":"https:\/\/archimedys.fr\/archimedys-traitement-dechets-organiques\/","url":"https:\/\/archimedys.fr\/archimedys-traitement-dechets-organiques\/","name":"Archimedys\u2122 pour le traitement de d\u00e9chets organiques - Archimedys","isPartOf":{"@id":"https:\/\/archimedys.fr\/#website"},"primaryImageOfPage":{"@id":"https:\/\/archimedys.fr\/archimedys-traitement-dechets-organiques\/#primaryimage"},"image":{"@id":"https:\/\/archimedys.fr\/archimedys-traitement-dechets-organiques\/#primaryimage"},"thumbnailUrl":"https:\/\/archimedys.fr\/wp-content\/uploads\/2020\/01\/before-after-scaled-1.jpg","datePublished":"2015-07-27T13:07:32+00:00","dateModified":"2025-09-15T13:48:14+00:00","description":"La vis d'Archim\u00e8de modulaire Archimedys\u2122 \u00e9quip\u00e9e chez un de nos clients sp\u00e9cialiste dans le traitement de d\u00e9chets organiques","breadcrumb":{"@id":"https:\/\/archimedys.fr\/archimedys-traitement-dechets-organiques\/#breadcrumb"},"inLanguage":"pt-PT","potentialAction":[{"@type":"ReadAction","target":["https:\/\/archimedys.fr\/archimedys-traitement-dechets-organiques\/"]}]},{"@type":"ImageObject","inLanguage":"pt-PT","@id":"https:\/\/archimedys.fr\/archimedys-traitement-dechets-organiques\/#primaryimage","url":"https:\/\/archimedys.fr\/wp-content\/uploads\/2020\/01\/before-after-scaled-1.jpg","contentUrl":"https:\/\/archimedys.fr\/wp-content\/uploads\/2020\/01\/before-after-scaled-1.jpg","width":2188,"height":2560,"caption":"Remplacement d'une vis en acier par une vis modulaire en plastique"},{"@type":"BreadcrumbList","@id":"https:\/\/archimedys.fr\/archimedys-traitement-dechets-organiques\/#breadcrumb","itemListElement":[{"@type":"ListItem","position":1,"name":"Accueil","item":"https:\/\/archimedys.fr\/"},{"@type":"ListItem","position":2,"name":"Archimedys\u2122 pour le traitement de d\u00e9chets organiques"}]},{"@type":"WebSite","@id":"https:\/\/archimedys.fr\/#website","url":"https:\/\/archimedys.fr\/","name":"Arquimedes","description":"","publisher":{"@id":"https:\/\/archimedys.fr\/#organization"},"potentialAction":[{"@type":"SearchAction","target":{"@type":"EntryPoint","urlTemplate":"https:\/\/archimedys.fr\/?s={search_term_string}"},"query-input":{"@type":"PropertyValueSpecification","valueRequired":true,"valueName":"search_term_string"}}],"inLanguage":"pt-PT"},{"@type":"Organization","@id":"https:\/\/archimedys.fr\/#organization","name":"Arquimedes","url":"https:\/\/archimedys.fr\/","logo":{"@type":"ImageObject","inLanguage":"pt-PT","@id":"https:\/\/archimedys.fr\/#\/schema\/logo\/image\/","url":"https:\/\/archimedys.fr\/wp-content\/uploads\/2025\/03\/Design-sans-titre.svg","contentUrl":"https:\/\/archimedys.fr\/wp-content\/uploads\/2025\/03\/Design-sans-titre.svg","width":350,"height":100,"caption":"Archimedys"},"image":{"@id":"https:\/\/archimedys.fr\/#\/schema\/logo\/image\/"}},{"@type":"Person","@id":"https:\/\/archimedys.fr\/#\/schema\/person\/0f326e2d3d04e71bf982c6dbcc6c070f","name":"archimedysfr","image":{"@type":"ImageObject","inLanguage":"pt-PT","@id":"https:\/\/secure.gravatar.com\/avatar\/fd139960b5e96d7b31909239e427395b1670a5fce144ef6fab09f0962547e133?s=96&d=mm&r=g","url":"https:\/\/secure.gravatar.com\/avatar\/fd139960b5e96d7b31909239e427395b1670a5fce144ef6fab09f0962547e133?s=96&d=mm&r=g","contentUrl":"https:\/\/secure.gravatar.com\/avatar\/fd139960b5e96d7b31909239e427395b1670a5fce144ef6fab09f0962547e133?s=96&d=mm&r=g","caption":"archimedysfr"},"url":"https:\/\/archimedys.fr\/pt\/author\/archimedysfr\/"}]}},"_links":{"self":[{"href":"https:\/\/archimedys.fr\/pt\/wp-json\/wp\/v2\/posts\/2129","targetHints":{"allow":["GET"]}}],"collection":[{"href":"https:\/\/archimedys.fr\/pt\/wp-json\/wp\/v2\/posts"}],"about":[{"href":"https:\/\/archimedys.fr\/pt\/wp-json\/wp\/v2\/types\/post"}],"author":[{"embeddable":true,"href":"https:\/\/archimedys.fr\/pt\/wp-json\/wp\/v2\/users\/2"}],"replies":[{"embeddable":true,"href":"https:\/\/archimedys.fr\/pt\/wp-json\/wp\/v2\/comments?post=2129"}],"version-history":[{"count":1,"href":"https:\/\/archimedys.fr\/pt\/wp-json\/wp\/v2\/posts\/2129\/revisions"}],"predecessor-version":[{"id":8384,"href":"https:\/\/archimedys.fr\/pt\/wp-json\/wp\/v2\/posts\/2129\/revisions\/8384"}],"wp:featuredmedia":[{"embeddable":true,"href":"https:\/\/archimedys.fr\/pt\/wp-json\/wp\/v2\/media\/2130"}],"wp:attachment":[{"href":"https:\/\/archimedys.fr\/pt\/wp-json\/wp\/v2\/media?parent=2129"}],"wp:term":[{"taxonomy":"category","embeddable":true,"href":"https:\/\/archimedys.fr\/pt\/wp-json\/wp\/v2\/categories?post=2129"},{"taxonomy":"post_tag","embeddable":true,"href":"https:\/\/archimedys.fr\/pt\/wp-json\/wp\/v2\/tags?post=2129"}],"curies":[{"name":"wp","href":"https:\/\/api.w.org\/{rel}","templated":true}]}}