{"id":6807,"date":"2021-05-11T16:35:14","date_gmt":"2021-05-11T14:35:14","guid":{"rendered":"https:\/\/archimedys.fr\/?p=6807"},"modified":"2025-09-15T13:47:57","modified_gmt":"2025-09-15T13:47:57","slug":"un-convoyeur-pour-liberer-le-porte-conteneurs-coince-au-canal-de-suez","status":"publish","type":"post","link":"https:\/\/archimedys.fr\/es\/un-convoyeur-pour-liberer-le-porte-conteneurs-coince-au-canal-de-suez\/","title":{"rendered":"Una cinta transportadora para liberar el portacontenedores atascado en el Canal de Suez"},"content":{"rendered":"<p class=\"has-text-align-center\">Nuestra soluci\u00f3n de tornillos modulares nos permiti\u00f3 liberar el portacontenedores que llevaba varios d\u00edas atascado en el Canal de Suez.<\/p>\n\n\n\n<p class=\"has-text-align-center\">Este tipo de situaci\u00f3n puede producirse cuando se transporta material. <\/p>\n\n\n\n<p class=\"has-text-align-center\">Nuestros sinfines modulares mejoran el flujo de materiales y son 4 veces m\u00e1s duraderos que los de acero.<\/p>","protected":false},"excerpt":{"rendered":"<p>Nuestra soluci\u00f3n de tornillo modular permiti\u00f3 liberar el portacontenedores que llevaba varios d\u00edas atascado en el Canal de Suez. Una situaci\u00f3n as\u00ed puede darse en el transporte de materiales. Nuestros transportadores de tornillo modulares mejoran el flujo de material y son 4 veces m\u00e1s duraderos que el acero.<\/p>","protected":false},"author":2,"featured_media":7237,"comment_status":"closed","ping_status":"closed","sticky":false,"template":"","format":"standard","meta":{"_acf_changed":false,"footnotes":""},"categories":[15],"tags":[],"class_list":["post-6807","post","type-post","status-publish","format-standard","has-post-thumbnail","hentry","category-non-classifiee"],"acf":[],"yoast_head":"<!-- This site is optimized with the Yoast SEO plugin v27.2 - https:\/\/yoast.com\/product\/yoast-seo-wordpress\/ -->\n<title>Un convoyeur pour lib\u00e9rer le porte conteneurs coinc\u00e9 au canal de Suez - Archimedys<\/title>\n<meta name=\"robots\" content=\"index, follow, max-snippet:-1, max-image-preview:large, max-video-preview:-1\" \/>\n<link rel=\"canonical\" href=\"https:\/\/archimedys.fr\/es\/un-convoyeur-pour-liberer-le-porte-conteneurs-coince-au-canal-de-suez\/\" \/>\n<meta property=\"og:locale\" content=\"es_ES\" \/>\n<meta property=\"og:type\" content=\"article\" \/>\n<meta property=\"og:title\" content=\"Un convoyeur pour lib\u00e9rer le porte conteneurs coinc\u00e9 au canal de Suez - Archimedys\" \/>\n<meta property=\"og:description\" content=\"Notre solution \u00e0 vis modulaire a permis de lib\u00e9rer le porte-conteneurs coinc\u00e9 depuis plusieurs jours dans le canal de Suez. Un tel sc\u00e9nario peut se produire lors du convoyage de mati\u00e8re. Nos convoyeurs \u00e0 vis modulaire am\u00e9liorent l&rsquo;\u00e9coulement de la mati\u00e8re et sont 4 fois plus durables que l&rsquo;acier!\" \/>\n<meta property=\"og:url\" content=\"https:\/\/archimedys.fr\/es\/un-convoyeur-pour-liberer-le-porte-conteneurs-coince-au-canal-de-suez\/\" \/>\n<meta property=\"og:site_name\" content=\"Archimedys\" \/>\n<meta property=\"article:published_time\" content=\"2021-05-11T14:35:14+00:00\" \/>\n<meta property=\"article:modified_time\" content=\"2025-09-15T13:47:57+00:00\" \/>\n<meta property=\"og:image\" content=\"https:\/\/archimedys.fr\/wp-content\/uploads\/2021\/05\/Convoyeur-canal-Suez-1.jpg\" \/>\n\t<meta property=\"og:image:width\" content=\"1024\" \/>\n\t<meta property=\"og:image:height\" content=\"573\" \/>\n\t<meta property=\"og:image:type\" content=\"image\/jpeg\" \/>\n<meta name=\"author\" content=\"archimedysfr\" \/>\n<meta name=\"twitter:card\" content=\"summary_large_image\" \/>\n<meta name=\"twitter:label1\" content=\"Escrito por\" \/>\n\t<meta name=\"twitter:data1\" content=\"archimedysfr\" \/>\n\t<meta name=\"twitter:label2\" content=\"Tiempo de lectura\" \/>\n\t<meta name=\"twitter:data2\" content=\"1 minuto\" \/>\n<script type=\"application\/ld+json\" class=\"yoast-schema-graph\">{\"@context\":\"https:\/\/schema.org\",\"@graph\":[{\"@type\":\"Article\",\"@id\":\"https:\/\/archimedys.fr\/un-convoyeur-pour-liberer-le-porte-conteneurs-coince-au-canal-de-suez\/#article\",\"isPartOf\":{\"@id\":\"https:\/\/archimedys.fr\/un-convoyeur-pour-liberer-le-porte-conteneurs-coince-au-canal-de-suez\/\"},\"author\":{\"name\":\"archimedysfr\",\"@id\":\"https:\/\/archimedys.fr\/#\/schema\/person\/0f326e2d3d04e71bf982c6dbcc6c070f\"},\"headline\":\"Un convoyeur pour lib\u00e9rer le porte conteneurs coinc\u00e9 au canal de Suez\",\"datePublished\":\"2021-05-11T14:35:14+00:00\",\"dateModified\":\"2025-09-15T13:47:57+00:00\",\"mainEntityOfPage\":{\"@id\":\"https:\/\/archimedys.fr\/un-convoyeur-pour-liberer-le-porte-conteneurs-coince-au-canal-de-suez\/\"},\"wordCount\":66,\"publisher\":{\"@id\":\"https:\/\/archimedys.fr\/#organization\"},\"image\":{\"@id\":\"https:\/\/archimedys.fr\/un-convoyeur-pour-liberer-le-porte-conteneurs-coince-au-canal-de-suez\/#primaryimage\"},\"thumbnailUrl\":\"https:\/\/archimedys.fr\/wp-content\/uploads\/2021\/05\/Convoyeur-canal-Suez-1.jpg\",\"articleSection\":[\"Non classifi\u00e9(e)\"],\"inLanguage\":\"es\"},{\"@type\":\"WebPage\",\"@id\":\"https:\/\/archimedys.fr\/un-convoyeur-pour-liberer-le-porte-conteneurs-coince-au-canal-de-suez\/\",\"url\":\"https:\/\/archimedys.fr\/un-convoyeur-pour-liberer-le-porte-conteneurs-coince-au-canal-de-suez\/\",\"name\":\"Un convoyeur pour lib\u00e9rer le porte conteneurs coinc\u00e9 au canal de Suez - Archimedys\",\"isPartOf\":{\"@id\":\"https:\/\/archimedys.fr\/#website\"},\"primaryImageOfPage\":{\"@id\":\"https:\/\/archimedys.fr\/un-convoyeur-pour-liberer-le-porte-conteneurs-coince-au-canal-de-suez\/#primaryimage\"},\"image\":{\"@id\":\"https:\/\/archimedys.fr\/un-convoyeur-pour-liberer-le-porte-conteneurs-coince-au-canal-de-suez\/#primaryimage\"},\"thumbnailUrl\":\"https:\/\/archimedys.fr\/wp-content\/uploads\/2021\/05\/Convoyeur-canal-Suez-1.jpg\",\"datePublished\":\"2021-05-11T14:35:14+00:00\",\"dateModified\":\"2025-09-15T13:47:57+00:00\",\"breadcrumb\":{\"@id\":\"https:\/\/archimedys.fr\/un-convoyeur-pour-liberer-le-porte-conteneurs-coince-au-canal-de-suez\/#breadcrumb\"},\"inLanguage\":\"es\",\"potentialAction\":[{\"@type\":\"ReadAction\",\"target\":[\"https:\/\/archimedys.fr\/un-convoyeur-pour-liberer-le-porte-conteneurs-coince-au-canal-de-suez\/\"]}]},{\"@type\":\"ImageObject\",\"inLanguage\":\"es\",\"@id\":\"https:\/\/archimedys.fr\/un-convoyeur-pour-liberer-le-porte-conteneurs-coince-au-canal-de-suez\/#primaryimage\",\"url\":\"https:\/\/archimedys.fr\/wp-content\/uploads\/2021\/05\/Convoyeur-canal-Suez-1.jpg\",\"contentUrl\":\"https:\/\/archimedys.fr\/wp-content\/uploads\/2021\/05\/Convoyeur-canal-Suez-1.jpg\",\"width\":1024,\"height\":573,\"caption\":\"Simplifiez la conception de vos convoyeurs\"},{\"@type\":\"BreadcrumbList\",\"@id\":\"https:\/\/archimedys.fr\/un-convoyeur-pour-liberer-le-porte-conteneurs-coince-au-canal-de-suez\/#breadcrumb\",\"itemListElement\":[{\"@type\":\"ListItem\",\"position\":1,\"name\":\"Accueil\",\"item\":\"https:\/\/archimedys.fr\/\"},{\"@type\":\"ListItem\",\"position\":2,\"name\":\"Un convoyeur pour lib\u00e9rer le porte conteneurs coinc\u00e9 au canal de Suez\"}]},{\"@type\":\"WebSite\",\"@id\":\"https:\/\/archimedys.fr\/#website\",\"url\":\"https:\/\/archimedys.fr\/\",\"name\":\"Archimedys\",\"description\":\"\",\"publisher\":{\"@id\":\"https:\/\/archimedys.fr\/#organization\"},\"potentialAction\":[{\"@type\":\"SearchAction\",\"target\":{\"@type\":\"EntryPoint\",\"urlTemplate\":\"https:\/\/archimedys.fr\/?s={search_term_string}\"},\"query-input\":{\"@type\":\"PropertyValueSpecification\",\"valueRequired\":true,\"valueName\":\"search_term_string\"}}],\"inLanguage\":\"es\"},{\"@type\":\"Organization\",\"@id\":\"https:\/\/archimedys.fr\/#organization\",\"name\":\"Archimedys\",\"url\":\"https:\/\/archimedys.fr\/\",\"logo\":{\"@type\":\"ImageObject\",\"inLanguage\":\"es\",\"@id\":\"https:\/\/archimedys.fr\/#\/schema\/logo\/image\/\",\"url\":\"https:\/\/archimedys.fr\/wp-content\/uploads\/2025\/03\/Design-sans-titre.svg\",\"contentUrl\":\"https:\/\/archimedys.fr\/wp-content\/uploads\/2025\/03\/Design-sans-titre.svg\",\"width\":350,\"height\":100,\"caption\":\"Archimedys\"},\"image\":{\"@id\":\"https:\/\/archimedys.fr\/#\/schema\/logo\/image\/\"}},{\"@type\":\"Person\",\"@id\":\"https:\/\/archimedys.fr\/#\/schema\/person\/0f326e2d3d04e71bf982c6dbcc6c070f\",\"name\":\"archimedysfr\",\"image\":{\"@type\":\"ImageObject\",\"inLanguage\":\"es\",\"@id\":\"https:\/\/secure.gravatar.com\/avatar\/fd139960b5e96d7b31909239e427395b1670a5fce144ef6fab09f0962547e133?s=96&d=mm&r=g\",\"url\":\"https:\/\/secure.gravatar.com\/avatar\/fd139960b5e96d7b31909239e427395b1670a5fce144ef6fab09f0962547e133?s=96&d=mm&r=g\",\"contentUrl\":\"https:\/\/secure.gravatar.com\/avatar\/fd139960b5e96d7b31909239e427395b1670a5fce144ef6fab09f0962547e133?s=96&d=mm&r=g\",\"caption\":\"archimedysfr\"},\"url\":\"https:\/\/archimedys.fr\/es\/author\/archimedysfr\/\"}]}<\/script>\n<!-- \/ Yoast SEO plugin. -->","yoast_head_json":{"title":"Un convoyeur pour lib\u00e9rer le porte conteneurs coinc\u00e9 au canal de Suez - Archimedys","robots":{"index":"index","follow":"follow","max-snippet":"max-snippet:-1","max-image-preview":"max-image-preview:large","max-video-preview":"max-video-preview:-1"},"canonical":"https:\/\/archimedys.fr\/es\/un-convoyeur-pour-liberer-le-porte-conteneurs-coince-au-canal-de-suez\/","og_locale":"es_ES","og_type":"article","og_title":"Un convoyeur pour lib\u00e9rer le porte conteneurs coinc\u00e9 au canal de Suez - Archimedys","og_description":"Notre solution \u00e0 vis modulaire a permis de lib\u00e9rer le porte-conteneurs coinc\u00e9 depuis plusieurs jours dans le canal de Suez. Un tel sc\u00e9nario peut se produire lors du convoyage de mati\u00e8re. Nos convoyeurs \u00e0 vis modulaire am\u00e9liorent l&rsquo;\u00e9coulement de la mati\u00e8re et sont 4 fois plus durables que l&rsquo;acier!","og_url":"https:\/\/archimedys.fr\/es\/un-convoyeur-pour-liberer-le-porte-conteneurs-coince-au-canal-de-suez\/","og_site_name":"Archimedys","article_published_time":"2021-05-11T14:35:14+00:00","article_modified_time":"2025-09-15T13:47:57+00:00","og_image":[{"width":1024,"height":573,"url":"https:\/\/archimedys.fr\/wp-content\/uploads\/2021\/05\/Convoyeur-canal-Suez-1.jpg","type":"image\/jpeg"}],"author":"archimedysfr","twitter_card":"summary_large_image","twitter_misc":{"Escrito por":"archimedysfr","Tiempo de lectura":"1 minuto"},"schema":{"@context":"https:\/\/schema.org","@graph":[{"@type":"Article","@id":"https:\/\/archimedys.fr\/un-convoyeur-pour-liberer-le-porte-conteneurs-coince-au-canal-de-suez\/#article","isPartOf":{"@id":"https:\/\/archimedys.fr\/un-convoyeur-pour-liberer-le-porte-conteneurs-coince-au-canal-de-suez\/"},"author":{"name":"archimedysfr","@id":"https:\/\/archimedys.fr\/#\/schema\/person\/0f326e2d3d04e71bf982c6dbcc6c070f"},"headline":"Un convoyeur pour lib\u00e9rer le porte conteneurs coinc\u00e9 au canal de Suez","datePublished":"2021-05-11T14:35:14+00:00","dateModified":"2025-09-15T13:47:57+00:00","mainEntityOfPage":{"@id":"https:\/\/archimedys.fr\/un-convoyeur-pour-liberer-le-porte-conteneurs-coince-au-canal-de-suez\/"},"wordCount":66,"publisher":{"@id":"https:\/\/archimedys.fr\/#organization"},"image":{"@id":"https:\/\/archimedys.fr\/un-convoyeur-pour-liberer-le-porte-conteneurs-coince-au-canal-de-suez\/#primaryimage"},"thumbnailUrl":"https:\/\/archimedys.fr\/wp-content\/uploads\/2021\/05\/Convoyeur-canal-Suez-1.jpg","articleSection":["Non classifi\u00e9(e)"],"inLanguage":"es"},{"@type":"WebPage","@id":"https:\/\/archimedys.fr\/un-convoyeur-pour-liberer-le-porte-conteneurs-coince-au-canal-de-suez\/","url":"https:\/\/archimedys.fr\/un-convoyeur-pour-liberer-le-porte-conteneurs-coince-au-canal-de-suez\/","name":"Un convoyeur pour lib\u00e9rer le porte conteneurs coinc\u00e9 au canal de Suez - Archimedys","isPartOf":{"@id":"https:\/\/archimedys.fr\/#website"},"primaryImageOfPage":{"@id":"https:\/\/archimedys.fr\/un-convoyeur-pour-liberer-le-porte-conteneurs-coince-au-canal-de-suez\/#primaryimage"},"image":{"@id":"https:\/\/archimedys.fr\/un-convoyeur-pour-liberer-le-porte-conteneurs-coince-au-canal-de-suez\/#primaryimage"},"thumbnailUrl":"https:\/\/archimedys.fr\/wp-content\/uploads\/2021\/05\/Convoyeur-canal-Suez-1.jpg","datePublished":"2021-05-11T14:35:14+00:00","dateModified":"2025-09-15T13:47:57+00:00","breadcrumb":{"@id":"https:\/\/archimedys.fr\/un-convoyeur-pour-liberer-le-porte-conteneurs-coince-au-canal-de-suez\/#breadcrumb"},"inLanguage":"es","potentialAction":[{"@type":"ReadAction","target":["https:\/\/archimedys.fr\/un-convoyeur-pour-liberer-le-porte-conteneurs-coince-au-canal-de-suez\/"]}]},{"@type":"ImageObject","inLanguage":"es","@id":"https:\/\/archimedys.fr\/un-convoyeur-pour-liberer-le-porte-conteneurs-coince-au-canal-de-suez\/#primaryimage","url":"https:\/\/archimedys.fr\/wp-content\/uploads\/2021\/05\/Convoyeur-canal-Suez-1.jpg","contentUrl":"https:\/\/archimedys.fr\/wp-content\/uploads\/2021\/05\/Convoyeur-canal-Suez-1.jpg","width":1024,"height":573,"caption":"Simplifiez la conception de vos convoyeurs"},{"@type":"BreadcrumbList","@id":"https:\/\/archimedys.fr\/un-convoyeur-pour-liberer-le-porte-conteneurs-coince-au-canal-de-suez\/#breadcrumb","itemListElement":[{"@type":"ListItem","position":1,"name":"Accueil","item":"https:\/\/archimedys.fr\/"},{"@type":"ListItem","position":2,"name":"Un convoyeur pour lib\u00e9rer le porte conteneurs coinc\u00e9 au canal de Suez"}]},{"@type":"WebSite","@id":"https:\/\/archimedys.fr\/#website","url":"https:\/\/archimedys.fr\/","name":"Archimedys","description":"","publisher":{"@id":"https:\/\/archimedys.fr\/#organization"},"potentialAction":[{"@type":"SearchAction","target":{"@type":"EntryPoint","urlTemplate":"https:\/\/archimedys.fr\/?s={search_term_string}"},"query-input":{"@type":"PropertyValueSpecification","valueRequired":true,"valueName":"search_term_string"}}],"inLanguage":"es"},{"@type":"Organization","@id":"https:\/\/archimedys.fr\/#organization","name":"Archimedys","url":"https:\/\/archimedys.fr\/","logo":{"@type":"ImageObject","inLanguage":"es","@id":"https:\/\/archimedys.fr\/#\/schema\/logo\/image\/","url":"https:\/\/archimedys.fr\/wp-content\/uploads\/2025\/03\/Design-sans-titre.svg","contentUrl":"https:\/\/archimedys.fr\/wp-content\/uploads\/2025\/03\/Design-sans-titre.svg","width":350,"height":100,"caption":"Archimedys"},"image":{"@id":"https:\/\/archimedys.fr\/#\/schema\/logo\/image\/"}},{"@type":"Person","@id":"https:\/\/archimedys.fr\/#\/schema\/person\/0f326e2d3d04e71bf982c6dbcc6c070f","name":"archimedysfr","image":{"@type":"ImageObject","inLanguage":"es","@id":"https:\/\/secure.gravatar.com\/avatar\/fd139960b5e96d7b31909239e427395b1670a5fce144ef6fab09f0962547e133?s=96&d=mm&r=g","url":"https:\/\/secure.gravatar.com\/avatar\/fd139960b5e96d7b31909239e427395b1670a5fce144ef6fab09f0962547e133?s=96&d=mm&r=g","contentUrl":"https:\/\/secure.gravatar.com\/avatar\/fd139960b5e96d7b31909239e427395b1670a5fce144ef6fab09f0962547e133?s=96&d=mm&r=g","caption":"archimedysfr"},"url":"https:\/\/archimedys.fr\/es\/author\/archimedysfr\/"}]}},"_links":{"self":[{"href":"https:\/\/archimedys.fr\/es\/wp-json\/wp\/v2\/posts\/6807","targetHints":{"allow":["GET"]}}],"collection":[{"href":"https:\/\/archimedys.fr\/es\/wp-json\/wp\/v2\/posts"}],"about":[{"href":"https:\/\/archimedys.fr\/es\/wp-json\/wp\/v2\/types\/post"}],"author":[{"embeddable":true,"href":"https:\/\/archimedys.fr\/es\/wp-json\/wp\/v2\/users\/2"}],"replies":[{"embeddable":true,"href":"https:\/\/archimedys.fr\/es\/wp-json\/wp\/v2\/comments?post=6807"}],"version-history":[{"count":1,"href":"https:\/\/archimedys.fr\/es\/wp-json\/wp\/v2\/posts\/6807\/revisions"}],"predecessor-version":[{"id":7238,"href":"https:\/\/archimedys.fr\/es\/wp-json\/wp\/v2\/posts\/6807\/revisions\/7238"}],"wp:featuredmedia":[{"embeddable":true,"href":"https:\/\/archimedys.fr\/es\/wp-json\/wp\/v2\/media\/7237"}],"wp:attachment":[{"href":"https:\/\/archimedys.fr\/es\/wp-json\/wp\/v2\/media?parent=6807"}],"wp:term":[{"taxonomy":"category","embeddable":true,"href":"https:\/\/archimedys.fr\/es\/wp-json\/wp\/v2\/categories?post=6807"},{"taxonomy":"post_tag","embeddable":true,"href":"https:\/\/archimedys.fr\/es\/wp-json\/wp\/v2\/tags?post=6807"}],"curies":[{"name":"wp","href":"https:\/\/api.w.org\/{rel}","templated":true}]}}