{"id":2129,"date":"2015-07-27T15:07:32","date_gmt":"2015-07-27T13:07:32","guid":{"rendered":"https:\/\/archimedys.fr\/?p=2129"},"modified":"2025-09-15T13:48:14","modified_gmt":"2025-09-15T13:48:14","slug":"archimedys-traitement-dechets-organiques","status":"publish","type":"post","link":"https:\/\/archimedys.fr\/es\/archimedys-traitement-dechets-organiques\/","title":{"rendered":"Archimedys\u2122 para el tratamiento de residuos org\u00e1nicos"},"content":{"rendered":"<div class=\"wp-block-image\"><figure class=\"aligncenter size-large is-resized\"><img fetchpriority=\"high\" decoding=\"async\" src=\"https:\/\/archimedys.fr\/wp-content\/uploads\/2020\/01\/before-after-875x1024.jpg\" alt=\"Before and after Archimedys\u2122\" class=\"wp-image-2130\" width=\"416\" height=\"487\"\/><\/figure><\/div>\n\n\n\n<h3 class=\"wp-block-heading\">Archimedys\u2122 utilizado en el tratamiento de residuos org\u00e1nicos <\/h3>\n\n\n\n<p>Uno de nuestros clientes, especialista en el tratamiento y reciclado de <strong>residuos org\u00e1nicos dom\u00e9sticos<\/strong>ha elegido <strong>Archimedys<\/strong> para sustituir un tornillo transportador de acero. La empresa recurri\u00f3 al tornillo de Arqu\u00edmedes modular para mejorar la vida \u00fatil de un transportador que sufr\u00eda un desgaste anormal, ruido y elevados costes de mantenimiento.<\/p>\n\n\n\n<h4 class=\"wp-block-heading\">Los problemas asociados a un tornillo de acero se desvanecen<\/h4>\n\n\n\n<p>En este tipo de transportador, los cojinetes intermedios no pueden montarse en un tornillo de acero. Esto se debe a que el tornillo descansa sobre el fondo de la canaleta, que est\u00e1 provisto de zapatas de apoyo.<\/p>\n\n\n\n<p>El desgaste por\nabrasi\u00f3n del tornillo y la canaleta debido a su simple rozamiento constitu\u00eda\nel principal problema que hab\u00eda que resolver. Esto se ve\u00eda agravado por el producto a transportar, que a veces inclu\u00eda arena, vidrio y agua.\ntransportar, que a veces inclu\u00eda arena, vidrio y agua.<\/p>\n\n\n\n<p>Archimedys\u2122, al no requerir rodamientos intermedios, aport\u00f3 una soluci\u00f3n sencilla a todos estos problemas. Los equipos de mantenimiento de la obra montaron el tornillo al pie del transportador sin ning\u00fan equipo de manipulaci\u00f3n. El tornillo a sustituir ten\u00eda un di\u00e1metro de 300 mm (12\") y una longitud de tres metros (10\"). El equipo de mantenimiento de la planta se encarg\u00f3 de construir el tornillo Archimedys\u2122 y de sustituirlo in situ. No fue necesario modificar el transportador. <\/p>\n\n\n\n<h4 class=\"wp-block-heading\">Mejora del mantenimiento<\/h4>\n\n\n\n<p>En caso de incidentes graves, s\u00f3lo se sustituyen los m\u00f3dulos da\u00f1ados. Ya no se sustituye todo el tornillo. Las operaciones de mantenimiento son r\u00e1pidas y sencillas. Se reducen los tiempos de inactividad y los costes de mantenimiento.<\/p>\n\n\n\n<h4 class=\"wp-block-heading\">Archimedys\u2122 , \u00a1una revoluci\u00f3n tecnol\u00f3gica!<\/h4>\n\n\n\n<p>Las ventajas del tornillo modular Archimedys\u2122 son tales que cada d\u00eda son m\u00e1s los fabricantes que deciden abandonar el acero en favor de los pol\u00edmeros. Asistimos, pues, a una aut\u00e9ntica revoluci\u00f3n tecnol\u00f3gica en el sector de los graneles. <\/p>\n\n\n\n<p>Si desea\nsaber m\u00e1s sobre nuestra&nbsp;<strong>Tornillo de Arqu\u00edmedes&nbsp;<\/strong>Archimedys\u2122\nen pol\u00edmero, le invitamos a&nbsp;<a href=\"https:\/\/archimedys.fr\/es\/contact\/\">Contacto<\/a>&nbsp;sin m\u00e1s pre\u00e1mbulos. Podemos ayudarle con todos\ntodos sus proyectos, ofreci\u00e9ndole el equipo m\u00e1s adecuado para su negocio.\nsu negocio. <\/p>","protected":false},"excerpt":{"rendered":"<p>Archimedys\u2122 utilis\u00e9e dans le traitement de d\u00e9chets organiques Un de nos clients, sp\u00e9cialiste du traitement et recyclage des d\u00e9chets m\u00e9nagers organiques, a choisi Archimedys\u2122 pour le remplacement d\u2019une vis de convoyeur en acier. Ce dernier s\u2019est tourn\u00e9 vers la vis d\u2019Archim\u00e8de modulaire afin am\u00e9liorer la dur\u00e9e de vie d\u2019un convoyeur qui posait des probl\u00e8mes d\u2019usure [&hellip;]<\/p>\n","protected":false},"author":2,"featured_media":2130,"comment_status":"closed","ping_status":"closed","sticky":false,"template":"","format":"standard","meta":{"_acf_changed":false,"footnotes":""},"categories":[8],"tags":[],"class_list":["post-2129","post","type-post","status-publish","format-standard","has-post-thumbnail","hentry","category-realisations"],"acf":[],"yoast_head":"<!-- This site is optimized with the Yoast SEO plugin v27.2 - https:\/\/yoast.com\/product\/yoast-seo-wordpress\/ -->\n<title>Archimedys\u2122 pour le traitement de d\u00e9chets organiques - Archimedys<\/title>\n<meta name=\"description\" content=\"La vis d&#039;Archim\u00e8de modulaire Archimedys\u2122 \u00e9quip\u00e9e chez un de nos clients sp\u00e9cialiste dans le traitement de d\u00e9chets organiques\" \/>\n<meta name=\"robots\" content=\"index, follow, max-snippet:-1, max-image-preview:large, max-video-preview:-1\" \/>\n<link rel=\"canonical\" href=\"https:\/\/archimedys.fr\/es\/archimedys-traitement-dechets-organiques\/\" \/>\n<meta property=\"og:locale\" content=\"es_ES\" \/>\n<meta property=\"og:type\" content=\"article\" \/>\n<meta property=\"og:title\" content=\"Archimedys\u2122 pour le traitement de d\u00e9chets organiques - Archimedys\" \/>\n<meta property=\"og:description\" content=\"La vis d&#039;Archim\u00e8de modulaire Archimedys\u2122 \u00e9quip\u00e9e chez un de nos clients sp\u00e9cialiste dans le traitement de d\u00e9chets organiques\" \/>\n<meta property=\"og:url\" content=\"https:\/\/archimedys.fr\/es\/archimedys-traitement-dechets-organiques\/\" \/>\n<meta property=\"og:site_name\" content=\"Archimedys\" \/>\n<meta property=\"article:published_time\" content=\"2015-07-27T13:07:32+00:00\" \/>\n<meta property=\"article:modified_time\" content=\"2025-09-15T13:48:14+00:00\" \/>\n<meta property=\"og:image\" content=\"https:\/\/archimedys.fr\/wp-content\/uploads\/2020\/01\/before-after-scaled-1.jpg\" \/>\n\t<meta property=\"og:image:width\" content=\"2188\" \/>\n\t<meta property=\"og:image:height\" content=\"2560\" \/>\n\t<meta property=\"og:image:type\" content=\"image\/jpeg\" \/>\n<meta name=\"author\" content=\"archimedysfr\" \/>\n<meta name=\"twitter:card\" content=\"summary_large_image\" \/>\n<meta name=\"twitter:label1\" content=\"Escrito por\" \/>\n\t<meta name=\"twitter:data1\" content=\"archimedysfr\" \/>\n\t<meta name=\"twitter:label2\" content=\"Tiempo de lectura\" \/>\n\t<meta name=\"twitter:data2\" content=\"2 minutos\" \/>\n<script type=\"application\/ld+json\" class=\"yoast-schema-graph\">{\"@context\":\"https:\/\/schema.org\",\"@graph\":[{\"@type\":\"Article\",\"@id\":\"https:\/\/archimedys.fr\/archimedys-traitement-dechets-organiques\/#article\",\"isPartOf\":{\"@id\":\"https:\/\/archimedys.fr\/archimedys-traitement-dechets-organiques\/\"},\"author\":{\"name\":\"archimedysfr\",\"@id\":\"https:\/\/archimedys.fr\/#\/schema\/person\/0f326e2d3d04e71bf982c6dbcc6c070f\"},\"headline\":\"Archimedys\u2122 pour le traitement de d\u00e9chets organiques\",\"datePublished\":\"2015-07-27T13:07:32+00:00\",\"dateModified\":\"2025-09-15T13:48:14+00:00\",\"mainEntityOfPage\":{\"@id\":\"https:\/\/archimedys.fr\/archimedys-traitement-dechets-organiques\/\"},\"wordCount\":407,\"publisher\":{\"@id\":\"https:\/\/archimedys.fr\/#organization\"},\"image\":{\"@id\":\"https:\/\/archimedys.fr\/archimedys-traitement-dechets-organiques\/#primaryimage\"},\"thumbnailUrl\":\"https:\/\/archimedys.fr\/wp-content\/uploads\/2020\/01\/before-after-scaled-1.jpg\",\"articleSection\":[\"R\u00e9alisations\"],\"inLanguage\":\"es\"},{\"@type\":\"WebPage\",\"@id\":\"https:\/\/archimedys.fr\/archimedys-traitement-dechets-organiques\/\",\"url\":\"https:\/\/archimedys.fr\/archimedys-traitement-dechets-organiques\/\",\"name\":\"Archimedys\u2122 pour le traitement de d\u00e9chets organiques - Archimedys\",\"isPartOf\":{\"@id\":\"https:\/\/archimedys.fr\/#website\"},\"primaryImageOfPage\":{\"@id\":\"https:\/\/archimedys.fr\/archimedys-traitement-dechets-organiques\/#primaryimage\"},\"image\":{\"@id\":\"https:\/\/archimedys.fr\/archimedys-traitement-dechets-organiques\/#primaryimage\"},\"thumbnailUrl\":\"https:\/\/archimedys.fr\/wp-content\/uploads\/2020\/01\/before-after-scaled-1.jpg\",\"datePublished\":\"2015-07-27T13:07:32+00:00\",\"dateModified\":\"2025-09-15T13:48:14+00:00\",\"description\":\"La vis d'Archim\u00e8de modulaire Archimedys\u2122 \u00e9quip\u00e9e chez un de nos clients sp\u00e9cialiste dans le traitement de d\u00e9chets organiques\",\"breadcrumb\":{\"@id\":\"https:\/\/archimedys.fr\/archimedys-traitement-dechets-organiques\/#breadcrumb\"},\"inLanguage\":\"es\",\"potentialAction\":[{\"@type\":\"ReadAction\",\"target\":[\"https:\/\/archimedys.fr\/archimedys-traitement-dechets-organiques\/\"]}]},{\"@type\":\"ImageObject\",\"inLanguage\":\"es\",\"@id\":\"https:\/\/archimedys.fr\/archimedys-traitement-dechets-organiques\/#primaryimage\",\"url\":\"https:\/\/archimedys.fr\/wp-content\/uploads\/2020\/01\/before-after-scaled-1.jpg\",\"contentUrl\":\"https:\/\/archimedys.fr\/wp-content\/uploads\/2020\/01\/before-after-scaled-1.jpg\",\"width\":2188,\"height\":2560,\"caption\":\"Remplacement d'une vis en acier par une vis modulaire en plastique\"},{\"@type\":\"BreadcrumbList\",\"@id\":\"https:\/\/archimedys.fr\/archimedys-traitement-dechets-organiques\/#breadcrumb\",\"itemListElement\":[{\"@type\":\"ListItem\",\"position\":1,\"name\":\"Accueil\",\"item\":\"https:\/\/archimedys.fr\/\"},{\"@type\":\"ListItem\",\"position\":2,\"name\":\"Archimedys\u2122 pour le traitement de d\u00e9chets organiques\"}]},{\"@type\":\"WebSite\",\"@id\":\"https:\/\/archimedys.fr\/#website\",\"url\":\"https:\/\/archimedys.fr\/\",\"name\":\"Archimedys\",\"description\":\"\",\"publisher\":{\"@id\":\"https:\/\/archimedys.fr\/#organization\"},\"potentialAction\":[{\"@type\":\"SearchAction\",\"target\":{\"@type\":\"EntryPoint\",\"urlTemplate\":\"https:\/\/archimedys.fr\/?s={search_term_string}\"},\"query-input\":{\"@type\":\"PropertyValueSpecification\",\"valueRequired\":true,\"valueName\":\"search_term_string\"}}],\"inLanguage\":\"es\"},{\"@type\":\"Organization\",\"@id\":\"https:\/\/archimedys.fr\/#organization\",\"name\":\"Archimedys\",\"url\":\"https:\/\/archimedys.fr\/\",\"logo\":{\"@type\":\"ImageObject\",\"inLanguage\":\"es\",\"@id\":\"https:\/\/archimedys.fr\/#\/schema\/logo\/image\/\",\"url\":\"https:\/\/archimedys.fr\/wp-content\/uploads\/2025\/03\/Design-sans-titre.svg\",\"contentUrl\":\"https:\/\/archimedys.fr\/wp-content\/uploads\/2025\/03\/Design-sans-titre.svg\",\"width\":350,\"height\":100,\"caption\":\"Archimedys\"},\"image\":{\"@id\":\"https:\/\/archimedys.fr\/#\/schema\/logo\/image\/\"}},{\"@type\":\"Person\",\"@id\":\"https:\/\/archimedys.fr\/#\/schema\/person\/0f326e2d3d04e71bf982c6dbcc6c070f\",\"name\":\"archimedysfr\",\"image\":{\"@type\":\"ImageObject\",\"inLanguage\":\"es\",\"@id\":\"https:\/\/secure.gravatar.com\/avatar\/fd139960b5e96d7b31909239e427395b1670a5fce144ef6fab09f0962547e133?s=96&d=mm&r=g\",\"url\":\"https:\/\/secure.gravatar.com\/avatar\/fd139960b5e96d7b31909239e427395b1670a5fce144ef6fab09f0962547e133?s=96&d=mm&r=g\",\"contentUrl\":\"https:\/\/secure.gravatar.com\/avatar\/fd139960b5e96d7b31909239e427395b1670a5fce144ef6fab09f0962547e133?s=96&d=mm&r=g\",\"caption\":\"archimedysfr\"},\"url\":\"https:\/\/archimedys.fr\/es\/author\/archimedysfr\/\"}]}<\/script>\n<!-- \/ Yoast SEO plugin. -->","yoast_head_json":{"title":"Archimedys\u2122 pour le traitement de d\u00e9chets organiques - Archimedys","description":"La vis d'Archim\u00e8de modulaire Archimedys\u2122 \u00e9quip\u00e9e chez un de nos clients sp\u00e9cialiste dans le traitement de d\u00e9chets organiques","robots":{"index":"index","follow":"follow","max-snippet":"max-snippet:-1","max-image-preview":"max-image-preview:large","max-video-preview":"max-video-preview:-1"},"canonical":"https:\/\/archimedys.fr\/es\/archimedys-traitement-dechets-organiques\/","og_locale":"es_ES","og_type":"article","og_title":"Archimedys\u2122 pour le traitement de d\u00e9chets organiques - Archimedys","og_description":"La vis d'Archim\u00e8de modulaire Archimedys\u2122 \u00e9quip\u00e9e chez un de nos clients sp\u00e9cialiste dans le traitement de d\u00e9chets organiques","og_url":"https:\/\/archimedys.fr\/es\/archimedys-traitement-dechets-organiques\/","og_site_name":"Archimedys","article_published_time":"2015-07-27T13:07:32+00:00","article_modified_time":"2025-09-15T13:48:14+00:00","og_image":[{"width":2188,"height":2560,"url":"https:\/\/archimedys.fr\/wp-content\/uploads\/2020\/01\/before-after-scaled-1.jpg","type":"image\/jpeg"}],"author":"archimedysfr","twitter_card":"summary_large_image","twitter_misc":{"Escrito por":"archimedysfr","Tiempo de lectura":"2 minutos"},"schema":{"@context":"https:\/\/schema.org","@graph":[{"@type":"Article","@id":"https:\/\/archimedys.fr\/archimedys-traitement-dechets-organiques\/#article","isPartOf":{"@id":"https:\/\/archimedys.fr\/archimedys-traitement-dechets-organiques\/"},"author":{"name":"archimedysfr","@id":"https:\/\/archimedys.fr\/#\/schema\/person\/0f326e2d3d04e71bf982c6dbcc6c070f"},"headline":"Archimedys\u2122 pour le traitement de d\u00e9chets organiques","datePublished":"2015-07-27T13:07:32+00:00","dateModified":"2025-09-15T13:48:14+00:00","mainEntityOfPage":{"@id":"https:\/\/archimedys.fr\/archimedys-traitement-dechets-organiques\/"},"wordCount":407,"publisher":{"@id":"https:\/\/archimedys.fr\/#organization"},"image":{"@id":"https:\/\/archimedys.fr\/archimedys-traitement-dechets-organiques\/#primaryimage"},"thumbnailUrl":"https:\/\/archimedys.fr\/wp-content\/uploads\/2020\/01\/before-after-scaled-1.jpg","articleSection":["R\u00e9alisations"],"inLanguage":"es"},{"@type":"WebPage","@id":"https:\/\/archimedys.fr\/archimedys-traitement-dechets-organiques\/","url":"https:\/\/archimedys.fr\/archimedys-traitement-dechets-organiques\/","name":"Archimedys\u2122 pour le traitement de d\u00e9chets organiques - Archimedys","isPartOf":{"@id":"https:\/\/archimedys.fr\/#website"},"primaryImageOfPage":{"@id":"https:\/\/archimedys.fr\/archimedys-traitement-dechets-organiques\/#primaryimage"},"image":{"@id":"https:\/\/archimedys.fr\/archimedys-traitement-dechets-organiques\/#primaryimage"},"thumbnailUrl":"https:\/\/archimedys.fr\/wp-content\/uploads\/2020\/01\/before-after-scaled-1.jpg","datePublished":"2015-07-27T13:07:32+00:00","dateModified":"2025-09-15T13:48:14+00:00","description":"La vis d'Archim\u00e8de modulaire Archimedys\u2122 \u00e9quip\u00e9e chez un de nos clients sp\u00e9cialiste dans le traitement de d\u00e9chets organiques","breadcrumb":{"@id":"https:\/\/archimedys.fr\/archimedys-traitement-dechets-organiques\/#breadcrumb"},"inLanguage":"es","potentialAction":[{"@type":"ReadAction","target":["https:\/\/archimedys.fr\/archimedys-traitement-dechets-organiques\/"]}]},{"@type":"ImageObject","inLanguage":"es","@id":"https:\/\/archimedys.fr\/archimedys-traitement-dechets-organiques\/#primaryimage","url":"https:\/\/archimedys.fr\/wp-content\/uploads\/2020\/01\/before-after-scaled-1.jpg","contentUrl":"https:\/\/archimedys.fr\/wp-content\/uploads\/2020\/01\/before-after-scaled-1.jpg","width":2188,"height":2560,"caption":"Remplacement d'une vis en acier par une vis modulaire en plastique"},{"@type":"BreadcrumbList","@id":"https:\/\/archimedys.fr\/archimedys-traitement-dechets-organiques\/#breadcrumb","itemListElement":[{"@type":"ListItem","position":1,"name":"Accueil","item":"https:\/\/archimedys.fr\/"},{"@type":"ListItem","position":2,"name":"Archimedys\u2122 pour le traitement de d\u00e9chets organiques"}]},{"@type":"WebSite","@id":"https:\/\/archimedys.fr\/#website","url":"https:\/\/archimedys.fr\/","name":"Archimedys","description":"","publisher":{"@id":"https:\/\/archimedys.fr\/#organization"},"potentialAction":[{"@type":"SearchAction","target":{"@type":"EntryPoint","urlTemplate":"https:\/\/archimedys.fr\/?s={search_term_string}"},"query-input":{"@type":"PropertyValueSpecification","valueRequired":true,"valueName":"search_term_string"}}],"inLanguage":"es"},{"@type":"Organization","@id":"https:\/\/archimedys.fr\/#organization","name":"Archimedys","url":"https:\/\/archimedys.fr\/","logo":{"@type":"ImageObject","inLanguage":"es","@id":"https:\/\/archimedys.fr\/#\/schema\/logo\/image\/","url":"https:\/\/archimedys.fr\/wp-content\/uploads\/2025\/03\/Design-sans-titre.svg","contentUrl":"https:\/\/archimedys.fr\/wp-content\/uploads\/2025\/03\/Design-sans-titre.svg","width":350,"height":100,"caption":"Archimedys"},"image":{"@id":"https:\/\/archimedys.fr\/#\/schema\/logo\/image\/"}},{"@type":"Person","@id":"https:\/\/archimedys.fr\/#\/schema\/person\/0f326e2d3d04e71bf982c6dbcc6c070f","name":"archimedysfr","image":{"@type":"ImageObject","inLanguage":"es","@id":"https:\/\/secure.gravatar.com\/avatar\/fd139960b5e96d7b31909239e427395b1670a5fce144ef6fab09f0962547e133?s=96&d=mm&r=g","url":"https:\/\/secure.gravatar.com\/avatar\/fd139960b5e96d7b31909239e427395b1670a5fce144ef6fab09f0962547e133?s=96&d=mm&r=g","contentUrl":"https:\/\/secure.gravatar.com\/avatar\/fd139960b5e96d7b31909239e427395b1670a5fce144ef6fab09f0962547e133?s=96&d=mm&r=g","caption":"archimedysfr"},"url":"https:\/\/archimedys.fr\/es\/author\/archimedysfr\/"}]}},"_links":{"self":[{"href":"https:\/\/archimedys.fr\/es\/wp-json\/wp\/v2\/posts\/2129","targetHints":{"allow":["GET"]}}],"collection":[{"href":"https:\/\/archimedys.fr\/es\/wp-json\/wp\/v2\/posts"}],"about":[{"href":"https:\/\/archimedys.fr\/es\/wp-json\/wp\/v2\/types\/post"}],"author":[{"embeddable":true,"href":"https:\/\/archimedys.fr\/es\/wp-json\/wp\/v2\/users\/2"}],"replies":[{"embeddable":true,"href":"https:\/\/archimedys.fr\/es\/wp-json\/wp\/v2\/comments?post=2129"}],"version-history":[{"count":1,"href":"https:\/\/archimedys.fr\/es\/wp-json\/wp\/v2\/posts\/2129\/revisions"}],"predecessor-version":[{"id":8384,"href":"https:\/\/archimedys.fr\/es\/wp-json\/wp\/v2\/posts\/2129\/revisions\/8384"}],"wp:featuredmedia":[{"embeddable":true,"href":"https:\/\/archimedys.fr\/es\/wp-json\/wp\/v2\/media\/2130"}],"wp:attachment":[{"href":"https:\/\/archimedys.fr\/es\/wp-json\/wp\/v2\/media?parent=2129"}],"wp:term":[{"taxonomy":"category","embeddable":true,"href":"https:\/\/archimedys.fr\/es\/wp-json\/wp\/v2\/categories?post=2129"},{"taxonomy":"post_tag","embeddable":true,"href":"https:\/\/archimedys.fr\/es\/wp-json\/wp\/v2\/tags?post=2129"}],"curies":[{"name":"wp","href":"https:\/\/api.w.org\/{rel}","templated":true}]}}