{"id":1439,"date":"2018-06-22T10:43:23","date_gmt":"2018-06-22T08:43:23","guid":{"rendered":"http:\/\/archimedys.fr\/?p=1439"},"modified":"2025-09-15T13:48:12","modified_gmt":"2025-09-15T13:48:12","slug":"archimedys-colorants-poudre","status":"publish","type":"post","link":"https:\/\/archimedys.fr\/es\/archimedys-colorants-poudre\/","title":{"rendered":"Archimedys\u2122 equipa las l\u00edneas de transporte de colorantes en polvo"},"content":{"rendered":"<h3 class=\"wp-block-heading\">Archimedys\u2122, una revoluci\u00f3n tecnol\u00f3gica para el transporte de colorantes en polvo<\/h3>\n\n\n\n<p>Numerosas industrias utilizan tornillos Archimedys para transportar productos a granel. Con la llegada al mercado de los tornillos modulares de pol\u00edmero Archimedys\u2122 se est\u00e1 produciendo una aut\u00e9ntica revoluci\u00f3n tecnol\u00f3gica. Sus ventajas son numerosas y cada vez son m\u00e1s los fabricantes que deciden abandonar el tradicional tornillo de acero en favor de Archimedys\u2122, sobre todo para el transporte de colorantes en polvo. <\/p>\n\n\n\n<h3 class=\"wp-block-heading\">El l\u00edder mundial en tintes cer\u00e1micos en polvo utiliza Archimedys\u2122.<\/h3>\n\n\n\n<p>Los\ntintes y pigmentos espec\u00edficos dan color a la cer\u00e1mica y a los azulejos.\nazulejos. Suelen ser \u00f3xidos o combinaciones de \u00f3xidos en forma de polvo.\nforma de polvo. Estos polvos y pigmentos de \u00f3xidos met\u00e1licos son particularmente abrasivos.\nespecialmente abrasivos. Se transportan a los distintos centros de producci\u00f3n\nmediante transportadores de tornillo.<\/p>\n\n\n\n<p>Hasta ahora\nel principal productor mundial de colores para cer\u00e1mica y azulejos, con sede en\nEspa\u00f1a, utilizaba tornillos de acero. Estos se corro\u00edan r\u00e1pidamente y causaban\nproblemas de mantenimiento. La reparaci\u00f3n de los tornillos de acero\nsupon\u00eda frecuentes paradas de producci\u00f3n, p\u00e9rdidas de negocio y elevados costes de mantenimiento.\ny elevados costes de mantenimiento. Tras una prueba muy satisfactoria, todos los transportadores de su\nde su f\u00e1brica se equiparon con docenas de tornillos modulares Archimedys\u2122. <\/p>\n\n\n\n<h3 class=\"wp-block-heading\">Solucionados los problemas con los tornillos de acero tradicionales<\/h3>\n\n\n\n<p>El hecho es que\ncon un <strong>dise\u00f1o sencillo<\/strong> y compacto, el tornillo Archimedys\u2122 es m\u00e1s ligero\nque un tornillo de acero. Su construcci\u00f3n es sencilla, <strong>sin costuras<\/strong>,\npor <strong>montaje <\/strong>m\u00f3dulos est\u00e1ndar a lo largo de un eje, directamente in situ o en el\nin situ o en el taller.<\/p>\n\n\n\n<p>Le <strong>pol\u00edmero<\/strong>\nutilizado para fabricar el tornillo Archimedys\u2122 aten\u00faa el ruido en servicio. En\ncaracter\u00edsticas, <strong>alta resistencia a la corrosi\u00f3n<\/strong>a <strong>\u00e1cidos<\/strong>,\nbases y un sinf\u00edn de productos qu\u00edmicos agresivos. Su resistencia a la\na la abrasi\u00f3n es, en algunos casos, tres veces mayor que la del acero.<\/p>\n\n\n\n<p>En caso de incidente\ny se destruye una zona del tornillo, los m\u00f3dulos da\u00f1ados simplemente se\nse sustituyen. Las operaciones de mantenimiento son r\u00e1pidas y reducen el impacto en la productividad.\nproductividad. <\/p>\n\n\n\n<p>No dudes\ndude en <a href=\"https:\/\/archimedys.fr\/es\/contact\/\">p\u00f3ngase en contacto con<\/a> para toda la informaci\u00f3n. Nosotros\ndise\u00f1amos y fabricamos las piezas mec\u00e1nicas necesarias para instalar o adaptar\ninstalaci\u00f3n o adaptaci\u00f3n de tornillos modulares en sus instalaciones existentes\no nuevos equipos.<\/p>","protected":false},"excerpt":{"rendered":"<p>Archimedys\u2122, r\u00e9volution technologique pour le transport de colorants en poudre De nombreuses industries utilisent des vis d\u2019Archim\u00e8de pour le transport de produits en vrac. Une v\u00e9ritable r\u00e9volution technologique est en cours avec l\u2019arriv\u00e9e sur le march\u00e9 des convoyeurs de vis Archimedys\u2122 modulaire en polym\u00e8res. Ses avantages sont nombreux et de plus en plus d\u2019industriels d\u00e9cident [&hellip;]<\/p>\n","protected":false},"author":2,"featured_media":7267,"comment_status":"closed","ping_status":"closed","sticky":false,"template":"","format":"standard","meta":{"_acf_changed":false,"footnotes":""},"categories":[8],"tags":[],"class_list":["post-1439","post","type-post","status-publish","format-standard","has-post-thumbnail","hentry","category-realisations"],"acf":[],"yoast_head":"<!-- This site is optimized with the Yoast SEO plugin v27.2 - https:\/\/yoast.com\/product\/yoast-seo-wordpress\/ -->\n<title>Archimedys\u2122 \u00e9quipe les lignes pour le transport de colorants en poudre<\/title>\n<meta name=\"description\" content=\"Archimedys\u2122 \u00e9quip\u00e9e pour le transport des colorants en poudre pour c\u00e9ramique chez le leader mondial des colorants pour c\u00e9ramique et carrelages\" \/>\n<meta name=\"robots\" content=\"index, follow, max-snippet:-1, max-image-preview:large, max-video-preview:-1\" \/>\n<link rel=\"canonical\" href=\"https:\/\/archimedys.fr\/es\/archimedys-colorants-poudre\/\" \/>\n<meta property=\"og:locale\" content=\"es_ES\" \/>\n<meta property=\"og:type\" content=\"article\" \/>\n<meta property=\"og:title\" content=\"Archimedys\u2122 \u00e9quipe les lignes pour le transport de colorants en poudre\" \/>\n<meta property=\"og:description\" content=\"Archimedys\u2122 \u00e9quip\u00e9e pour le transport des colorants en poudre pour c\u00e9ramique chez le leader mondial des colorants pour c\u00e9ramique et carrelages\" \/>\n<meta property=\"og:url\" content=\"https:\/\/archimedys.fr\/es\/archimedys-colorants-poudre\/\" \/>\n<meta property=\"og:site_name\" content=\"Archimedys\" \/>\n<meta property=\"article:published_time\" content=\"2018-06-22T08:43:23+00:00\" \/>\n<meta property=\"article:modified_time\" content=\"2025-09-15T13:48:12+00:00\" \/>\n<meta property=\"og:image\" content=\"https:\/\/archimedys.fr\/wp-content\/uploads\/2018\/06\/thom-masat-8kLFdQh6scA-unsplash-683x1024-1.jpg\" \/>\n\t<meta property=\"og:image:width\" content=\"683\" \/>\n\t<meta property=\"og:image:height\" content=\"1024\" \/>\n\t<meta property=\"og:image:type\" content=\"image\/jpeg\" \/>\n<meta name=\"author\" content=\"archimedysfr\" \/>\n<meta name=\"twitter:card\" content=\"summary_large_image\" \/>\n<meta name=\"twitter:label1\" content=\"Escrito por\" \/>\n\t<meta name=\"twitter:data1\" content=\"archimedysfr\" \/>\n\t<meta name=\"twitter:label2\" content=\"Tiempo de lectura\" \/>\n\t<meta name=\"twitter:data2\" content=\"2 minutos\" \/>\n<script type=\"application\/ld+json\" class=\"yoast-schema-graph\">{\"@context\":\"https:\/\/schema.org\",\"@graph\":[{\"@type\":\"Article\",\"@id\":\"https:\/\/archimedys.fr\/archimedys-colorants-poudre\/#article\",\"isPartOf\":{\"@id\":\"https:\/\/archimedys.fr\/archimedys-colorants-poudre\/\"},\"author\":{\"name\":\"archimedysfr\",\"@id\":\"https:\/\/archimedys.fr\/#\/schema\/person\/0f326e2d3d04e71bf982c6dbcc6c070f\"},\"headline\":\"Archimedys\u2122 \u00e9quipe les lignes pour le transport de colorants en poudre\",\"datePublished\":\"2018-06-22T08:43:23+00:00\",\"dateModified\":\"2025-09-15T13:48:12+00:00\",\"mainEntityOfPage\":{\"@id\":\"https:\/\/archimedys.fr\/archimedys-colorants-poudre\/\"},\"wordCount\":448,\"publisher\":{\"@id\":\"https:\/\/archimedys.fr\/#organization\"},\"image\":{\"@id\":\"https:\/\/archimedys.fr\/archimedys-colorants-poudre\/#primaryimage\"},\"thumbnailUrl\":\"https:\/\/archimedys.fr\/wp-content\/uploads\/2018\/06\/thom-masat-8kLFdQh6scA-unsplash-683x1024-1.jpg\",\"articleSection\":[\"R\u00e9alisations\"],\"inLanguage\":\"es\"},{\"@type\":\"WebPage\",\"@id\":\"https:\/\/archimedys.fr\/archimedys-colorants-poudre\/\",\"url\":\"https:\/\/archimedys.fr\/archimedys-colorants-poudre\/\",\"name\":\"Archimedys\u2122 \u00e9quipe les lignes pour le transport de colorants en poudre\",\"isPartOf\":{\"@id\":\"https:\/\/archimedys.fr\/#website\"},\"primaryImageOfPage\":{\"@id\":\"https:\/\/archimedys.fr\/archimedys-colorants-poudre\/#primaryimage\"},\"image\":{\"@id\":\"https:\/\/archimedys.fr\/archimedys-colorants-poudre\/#primaryimage\"},\"thumbnailUrl\":\"https:\/\/archimedys.fr\/wp-content\/uploads\/2018\/06\/thom-masat-8kLFdQh6scA-unsplash-683x1024-1.jpg\",\"datePublished\":\"2018-06-22T08:43:23+00:00\",\"dateModified\":\"2025-09-15T13:48:12+00:00\",\"description\":\"Archimedys\u2122 \u00e9quip\u00e9e pour le transport des colorants en poudre pour c\u00e9ramique chez le leader mondial des colorants pour c\u00e9ramique et carrelages\",\"breadcrumb\":{\"@id\":\"https:\/\/archimedys.fr\/archimedys-colorants-poudre\/#breadcrumb\"},\"inLanguage\":\"es\",\"potentialAction\":[{\"@type\":\"ReadAction\",\"target\":[\"https:\/\/archimedys.fr\/archimedys-colorants-poudre\/\"]}]},{\"@type\":\"ImageObject\",\"inLanguage\":\"es\",\"@id\":\"https:\/\/archimedys.fr\/archimedys-colorants-poudre\/#primaryimage\",\"url\":\"https:\/\/archimedys.fr\/wp-content\/uploads\/2018\/06\/thom-masat-8kLFdQh6scA-unsplash-683x1024-1.jpg\",\"contentUrl\":\"https:\/\/archimedys.fr\/wp-content\/uploads\/2018\/06\/thom-masat-8kLFdQh6scA-unsplash-683x1024-1.jpg\",\"width\":683,\"height\":1024,\"caption\":\"Poudre vis sans fin convoyage\"},{\"@type\":\"BreadcrumbList\",\"@id\":\"https:\/\/archimedys.fr\/archimedys-colorants-poudre\/#breadcrumb\",\"itemListElement\":[{\"@type\":\"ListItem\",\"position\":1,\"name\":\"Accueil\",\"item\":\"https:\/\/archimedys.fr\/\"},{\"@type\":\"ListItem\",\"position\":2,\"name\":\"Archimedys\u2122 \u00e9quipe les lignes pour le transport de colorants en poudre\"}]},{\"@type\":\"WebSite\",\"@id\":\"https:\/\/archimedys.fr\/#website\",\"url\":\"https:\/\/archimedys.fr\/\",\"name\":\"Archimedys\",\"description\":\"\",\"publisher\":{\"@id\":\"https:\/\/archimedys.fr\/#organization\"},\"potentialAction\":[{\"@type\":\"SearchAction\",\"target\":{\"@type\":\"EntryPoint\",\"urlTemplate\":\"https:\/\/archimedys.fr\/?s={search_term_string}\"},\"query-input\":{\"@type\":\"PropertyValueSpecification\",\"valueRequired\":true,\"valueName\":\"search_term_string\"}}],\"inLanguage\":\"es\"},{\"@type\":\"Organization\",\"@id\":\"https:\/\/archimedys.fr\/#organization\",\"name\":\"Archimedys\",\"url\":\"https:\/\/archimedys.fr\/\",\"logo\":{\"@type\":\"ImageObject\",\"inLanguage\":\"es\",\"@id\":\"https:\/\/archimedys.fr\/#\/schema\/logo\/image\/\",\"url\":\"https:\/\/archimedys.fr\/wp-content\/uploads\/2025\/03\/Design-sans-titre.svg\",\"contentUrl\":\"https:\/\/archimedys.fr\/wp-content\/uploads\/2025\/03\/Design-sans-titre.svg\",\"width\":350,\"height\":100,\"caption\":\"Archimedys\"},\"image\":{\"@id\":\"https:\/\/archimedys.fr\/#\/schema\/logo\/image\/\"}},{\"@type\":\"Person\",\"@id\":\"https:\/\/archimedys.fr\/#\/schema\/person\/0f326e2d3d04e71bf982c6dbcc6c070f\",\"name\":\"archimedysfr\",\"image\":{\"@type\":\"ImageObject\",\"inLanguage\":\"es\",\"@id\":\"https:\/\/secure.gravatar.com\/avatar\/fd139960b5e96d7b31909239e427395b1670a5fce144ef6fab09f0962547e133?s=96&d=mm&r=g\",\"url\":\"https:\/\/secure.gravatar.com\/avatar\/fd139960b5e96d7b31909239e427395b1670a5fce144ef6fab09f0962547e133?s=96&d=mm&r=g\",\"contentUrl\":\"https:\/\/secure.gravatar.com\/avatar\/fd139960b5e96d7b31909239e427395b1670a5fce144ef6fab09f0962547e133?s=96&d=mm&r=g\",\"caption\":\"archimedysfr\"},\"url\":\"https:\/\/archimedys.fr\/es\/author\/archimedysfr\/\"}]}<\/script>\n<!-- \/ Yoast SEO plugin. -->","yoast_head_json":{"title":"Archimedys\u2122 equipa las l\u00edneas de transporte de colorantes en polvo","description":"Archimedys\u2122 \u00e9quip\u00e9e pour le transport des colorants en poudre pour c\u00e9ramique chez le leader mondial des colorants pour c\u00e9ramique et carrelages","robots":{"index":"index","follow":"follow","max-snippet":"max-snippet:-1","max-image-preview":"max-image-preview:large","max-video-preview":"max-video-preview:-1"},"canonical":"https:\/\/archimedys.fr\/es\/archimedys-colorants-poudre\/","og_locale":"es_ES","og_type":"article","og_title":"Archimedys\u2122 \u00e9quipe les lignes pour le transport de colorants en poudre","og_description":"Archimedys\u2122 \u00e9quip\u00e9e pour le transport des colorants en poudre pour c\u00e9ramique chez le leader mondial des colorants pour c\u00e9ramique et carrelages","og_url":"https:\/\/archimedys.fr\/es\/archimedys-colorants-poudre\/","og_site_name":"Archimedys","article_published_time":"2018-06-22T08:43:23+00:00","article_modified_time":"2025-09-15T13:48:12+00:00","og_image":[{"width":683,"height":1024,"url":"https:\/\/archimedys.fr\/wp-content\/uploads\/2018\/06\/thom-masat-8kLFdQh6scA-unsplash-683x1024-1.jpg","type":"image\/jpeg"}],"author":"archimedysfr","twitter_card":"summary_large_image","twitter_misc":{"Escrito por":"archimedysfr","Tiempo de lectura":"2 minutos"},"schema":{"@context":"https:\/\/schema.org","@graph":[{"@type":"Article","@id":"https:\/\/archimedys.fr\/archimedys-colorants-poudre\/#article","isPartOf":{"@id":"https:\/\/archimedys.fr\/archimedys-colorants-poudre\/"},"author":{"name":"archimedysfr","@id":"https:\/\/archimedys.fr\/#\/schema\/person\/0f326e2d3d04e71bf982c6dbcc6c070f"},"headline":"Archimedys\u2122 \u00e9quipe les lignes pour le transport de colorants en poudre","datePublished":"2018-06-22T08:43:23+00:00","dateModified":"2025-09-15T13:48:12+00:00","mainEntityOfPage":{"@id":"https:\/\/archimedys.fr\/archimedys-colorants-poudre\/"},"wordCount":448,"publisher":{"@id":"https:\/\/archimedys.fr\/#organization"},"image":{"@id":"https:\/\/archimedys.fr\/archimedys-colorants-poudre\/#primaryimage"},"thumbnailUrl":"https:\/\/archimedys.fr\/wp-content\/uploads\/2018\/06\/thom-masat-8kLFdQh6scA-unsplash-683x1024-1.jpg","articleSection":["R\u00e9alisations"],"inLanguage":"es"},{"@type":"WebPage","@id":"https:\/\/archimedys.fr\/archimedys-colorants-poudre\/","url":"https:\/\/archimedys.fr\/archimedys-colorants-poudre\/","name":"Archimedys\u2122 equipa las l\u00edneas de transporte de colorantes en polvo","isPartOf":{"@id":"https:\/\/archimedys.fr\/#website"},"primaryImageOfPage":{"@id":"https:\/\/archimedys.fr\/archimedys-colorants-poudre\/#primaryimage"},"image":{"@id":"https:\/\/archimedys.fr\/archimedys-colorants-poudre\/#primaryimage"},"thumbnailUrl":"https:\/\/archimedys.fr\/wp-content\/uploads\/2018\/06\/thom-masat-8kLFdQh6scA-unsplash-683x1024-1.jpg","datePublished":"2018-06-22T08:43:23+00:00","dateModified":"2025-09-15T13:48:12+00:00","description":"Archimedys\u2122 \u00e9quip\u00e9e pour le transport des colorants en poudre pour c\u00e9ramique chez le leader mondial des colorants pour c\u00e9ramique et carrelages","breadcrumb":{"@id":"https:\/\/archimedys.fr\/archimedys-colorants-poudre\/#breadcrumb"},"inLanguage":"es","potentialAction":[{"@type":"ReadAction","target":["https:\/\/archimedys.fr\/archimedys-colorants-poudre\/"]}]},{"@type":"ImageObject","inLanguage":"es","@id":"https:\/\/archimedys.fr\/archimedys-colorants-poudre\/#primaryimage","url":"https:\/\/archimedys.fr\/wp-content\/uploads\/2018\/06\/thom-masat-8kLFdQh6scA-unsplash-683x1024-1.jpg","contentUrl":"https:\/\/archimedys.fr\/wp-content\/uploads\/2018\/06\/thom-masat-8kLFdQh6scA-unsplash-683x1024-1.jpg","width":683,"height":1024,"caption":"Poudre vis sans fin convoyage"},{"@type":"BreadcrumbList","@id":"https:\/\/archimedys.fr\/archimedys-colorants-poudre\/#breadcrumb","itemListElement":[{"@type":"ListItem","position":1,"name":"Accueil","item":"https:\/\/archimedys.fr\/"},{"@type":"ListItem","position":2,"name":"Archimedys\u2122 \u00e9quipe les lignes pour le transport de colorants en poudre"}]},{"@type":"WebSite","@id":"https:\/\/archimedys.fr\/#website","url":"https:\/\/archimedys.fr\/","name":"Archimedys","description":"","publisher":{"@id":"https:\/\/archimedys.fr\/#organization"},"potentialAction":[{"@type":"SearchAction","target":{"@type":"EntryPoint","urlTemplate":"https:\/\/archimedys.fr\/?s={search_term_string}"},"query-input":{"@type":"PropertyValueSpecification","valueRequired":true,"valueName":"search_term_string"}}],"inLanguage":"es"},{"@type":"Organization","@id":"https:\/\/archimedys.fr\/#organization","name":"Archimedys","url":"https:\/\/archimedys.fr\/","logo":{"@type":"ImageObject","inLanguage":"es","@id":"https:\/\/archimedys.fr\/#\/schema\/logo\/image\/","url":"https:\/\/archimedys.fr\/wp-content\/uploads\/2025\/03\/Design-sans-titre.svg","contentUrl":"https:\/\/archimedys.fr\/wp-content\/uploads\/2025\/03\/Design-sans-titre.svg","width":350,"height":100,"caption":"Archimedys"},"image":{"@id":"https:\/\/archimedys.fr\/#\/schema\/logo\/image\/"}},{"@type":"Person","@id":"https:\/\/archimedys.fr\/#\/schema\/person\/0f326e2d3d04e71bf982c6dbcc6c070f","name":"archimedysfr","image":{"@type":"ImageObject","inLanguage":"es","@id":"https:\/\/secure.gravatar.com\/avatar\/fd139960b5e96d7b31909239e427395b1670a5fce144ef6fab09f0962547e133?s=96&d=mm&r=g","url":"https:\/\/secure.gravatar.com\/avatar\/fd139960b5e96d7b31909239e427395b1670a5fce144ef6fab09f0962547e133?s=96&d=mm&r=g","contentUrl":"https:\/\/secure.gravatar.com\/avatar\/fd139960b5e96d7b31909239e427395b1670a5fce144ef6fab09f0962547e133?s=96&d=mm&r=g","caption":"archimedysfr"},"url":"https:\/\/archimedys.fr\/es\/author\/archimedysfr\/"}]}},"_links":{"self":[{"href":"https:\/\/archimedys.fr\/es\/wp-json\/wp\/v2\/posts\/1439","targetHints":{"allow":["GET"]}}],"collection":[{"href":"https:\/\/archimedys.fr\/es\/wp-json\/wp\/v2\/posts"}],"about":[{"href":"https:\/\/archimedys.fr\/es\/wp-json\/wp\/v2\/types\/post"}],"author":[{"embeddable":true,"href":"https:\/\/archimedys.fr\/es\/wp-json\/wp\/v2\/users\/2"}],"replies":[{"embeddable":true,"href":"https:\/\/archimedys.fr\/es\/wp-json\/wp\/v2\/comments?post=1439"}],"version-history":[{"count":2,"href":"https:\/\/archimedys.fr\/es\/wp-json\/wp\/v2\/posts\/1439\/revisions"}],"predecessor-version":[{"id":8162,"href":"https:\/\/archimedys.fr\/es\/wp-json\/wp\/v2\/posts\/1439\/revisions\/8162"}],"wp:featuredmedia":[{"embeddable":true,"href":"https:\/\/archimedys.fr\/es\/wp-json\/wp\/v2\/media\/7267"}],"wp:attachment":[{"href":"https:\/\/archimedys.fr\/es\/wp-json\/wp\/v2\/media?parent=1439"}],"wp:term":[{"taxonomy":"category","embeddable":true,"href":"https:\/\/archimedys.fr\/es\/wp-json\/wp\/v2\/categories?post=1439"},{"taxonomy":"post_tag","embeddable":true,"href":"https:\/\/archimedys.fr\/es\/wp-json\/wp\/v2\/tags?post=1439"}],"curies":[{"name":"wp","href":"https:\/\/api.w.org\/{rel}","templated":true}]}}