{"id":2129,"date":"2015-07-27T15:07:32","date_gmt":"2015-07-27T13:07:32","guid":{"rendered":"https:\/\/archimedys.fr\/?p=2129"},"modified":"2025-09-15T13:48:14","modified_gmt":"2025-09-15T13:48:14","slug":"archimedys-traitement-dechets-organiques","status":"publish","type":"post","link":"https:\/\/archimedys.fr\/da\/archimedys-traitement-dechets-organiques\/","title":{"rendered":"Archimedys\u2122 til behandling af organisk affald"},"content":{"rendered":"<div class=\"wp-block-image\"><figure class=\"aligncenter size-large is-resized\"><img fetchpriority=\"high\" decoding=\"async\" src=\"https:\/\/archimedys.fr\/wp-content\/uploads\/2020\/01\/before-after-875x1024.jpg\" alt=\"Before and after Archimedys\u2122\" class=\"wp-image-2130\" width=\"416\" height=\"487\"\/><\/figure><\/div>\n\n\n\n<h3 class=\"wp-block-heading\">Archimedys\u2122 bruges til behandling af organisk affald <\/h3>\n\n\n\n<p>En af vores kunder, en specialist i behandling og genanvendelse af <strong>organisk husholdningsaffald<\/strong>har valgt <strong>Archimedys\u2122<\/strong> for at udskifte en transportsnegl af st\u00e5l. Virksomheden valgte den modul\u00e6re Archimedes-skrue for at forbedre levetiden p\u00e5 en transport\u00f8r, der led af unormalt slid, st\u00f8j og h\u00f8je vedligeholdelsesomkostninger.<\/p>\n\n\n\n<h4 class=\"wp-block-heading\">De problemer, der er forbundet med en st\u00e5lskrue, er ved at forsvinde<\/h4>\n\n\n\n<p>I denne type transport\u00f8r kan de mellemliggende lejer ikke monteres p\u00e5 en st\u00e5lskrue. Det skyldes, at skruen hviler p\u00e5 trugbunden, som er udstyret med st\u00f8ttesko.<\/p>\n\n\n\n<p>Slid ved\nslid af skruen og truget p\u00e5 grund af deres simple friktion udgjorde\ndet st\u00f8rste problem, der skulle l\u00f8ses. Dette blev forv\u00e6rret af det produkt, der skulle\ntransporteres, som undertiden omfattede sand, glas og vand.<\/p>\n\n\n\n<p>Archimedys\u2122, der ikke kr\u00e6ver nogen mellemliggende lejer, var en enkel l\u00f8sning p\u00e5 alle disse problemer. Stedets vedligeholdelsesteam monterede skruen ved foden af transportb\u00e5ndet uden nogen form for h\u00e5ndteringsudstyr. Skruen, der skulle udskiftes, havde en diameter p\u00e5 300 mm (12\") og var tre meter lang (10\"). Fabrikkens vedligeholdelsesteam tog sig af opgaven med at bygge Archimedys\u2122-skruen og udskifte den p\u00e5 stedet. Der var ikke behov for \u00e6ndringer af transportb\u00e5ndet. <\/p>\n\n\n\n<h4 class=\"wp-block-heading\">Forbedret vedligeholdelse<\/h4>\n\n\n\n<p>I tilf\u00e6lde af st\u00f8rre h\u00e6ndelser udskiftes kun beskadigede moduler. Hele skruen udskiftes ikke l\u00e6ngere. Vedligeholdelse er hurtig og nem. Nedetid og vedligeholdelsesomkostninger reduceres.<\/p>\n\n\n\n<h4 class=\"wp-block-heading\">Archimedys\u2122, en teknologisk revolution!<\/h4>\n\n\n\n<p>Fordelene ved den modul\u00e6re Archimedys\u2122-skrue er s\u00e5 store, at flere og flere producenter hver dag beslutter sig for at droppe st\u00e5l til fordel for polymerer. Vi er derfor vidne til en veritabel teknologisk revolution i bulksektoren. <\/p>\n\n\n\n<p>Hvis du gerne vil\n\u00f8nsker at vide mere om vores&nbsp;<strong>Arkimedes-skrue&nbsp;<\/strong>Archimedys\u2122\ni polymer, inviterer vi dig til at&nbsp;<a href=\"https:\/\/archimedys.fr\/da\/contact\/\">kontakt os<\/a>&nbsp;uden videre. Vi kan hj\u00e6lpe dig med alle dine\nalle dine projekter og tilbyde dig det udstyr, der passer bedst til din virksomhed.\ndin virksomhed. <\/p>","protected":false},"excerpt":{"rendered":"<p>Archimedys\u2122 utilis\u00e9e dans le traitement de d\u00e9chets organiques Un de nos clients, sp\u00e9cialiste du traitement et recyclage des d\u00e9chets m\u00e9nagers organiques, a choisi Archimedys\u2122 pour le remplacement d\u2019une vis de convoyeur en acier. Ce dernier s\u2019est tourn\u00e9 vers la vis d\u2019Archim\u00e8de modulaire afin am\u00e9liorer la dur\u00e9e de vie d\u2019un convoyeur qui posait des probl\u00e8mes d\u2019usure [&hellip;]<\/p>\n","protected":false},"author":2,"featured_media":2130,"comment_status":"closed","ping_status":"closed","sticky":false,"template":"","format":"standard","meta":{"_acf_changed":false,"footnotes":""},"categories":[8],"tags":[],"class_list":["post-2129","post","type-post","status-publish","format-standard","has-post-thumbnail","hentry","category-realisations"],"acf":[],"yoast_head":"<!-- This site is optimized with the Yoast SEO plugin v27.2 - https:\/\/yoast.com\/product\/yoast-seo-wordpress\/ -->\n<title>Archimedys\u2122 pour le traitement de d\u00e9chets organiques - Archimedys<\/title>\n<meta name=\"description\" content=\"La vis d&#039;Archim\u00e8de modulaire Archimedys\u2122 \u00e9quip\u00e9e chez un de nos clients sp\u00e9cialiste dans le traitement de d\u00e9chets organiques\" \/>\n<meta name=\"robots\" content=\"index, follow, max-snippet:-1, max-image-preview:large, max-video-preview:-1\" \/>\n<link rel=\"canonical\" href=\"https:\/\/archimedys.fr\/da\/archimedys-traitement-dechets-organiques\/\" \/>\n<meta property=\"og:locale\" content=\"da_DK\" \/>\n<meta property=\"og:type\" content=\"article\" \/>\n<meta property=\"og:title\" content=\"Archimedys\u2122 pour le traitement de d\u00e9chets organiques - Archimedys\" \/>\n<meta property=\"og:description\" content=\"La vis d&#039;Archim\u00e8de modulaire Archimedys\u2122 \u00e9quip\u00e9e chez un de nos clients sp\u00e9cialiste dans le traitement de d\u00e9chets organiques\" \/>\n<meta property=\"og:url\" content=\"https:\/\/archimedys.fr\/da\/archimedys-traitement-dechets-organiques\/\" \/>\n<meta property=\"og:site_name\" content=\"Archimedys\" \/>\n<meta property=\"article:published_time\" content=\"2015-07-27T13:07:32+00:00\" \/>\n<meta property=\"article:modified_time\" content=\"2025-09-15T13:48:14+00:00\" \/>\n<meta property=\"og:image\" content=\"https:\/\/archimedys.fr\/wp-content\/uploads\/2020\/01\/before-after-scaled-1.jpg\" \/>\n\t<meta property=\"og:image:width\" content=\"2188\" \/>\n\t<meta property=\"og:image:height\" content=\"2560\" \/>\n\t<meta property=\"og:image:type\" content=\"image\/jpeg\" \/>\n<meta name=\"author\" content=\"archimedysfr\" \/>\n<meta name=\"twitter:card\" content=\"summary_large_image\" \/>\n<meta name=\"twitter:label1\" content=\"Skrevet af\" \/>\n\t<meta name=\"twitter:data1\" content=\"archimedysfr\" \/>\n\t<meta name=\"twitter:label2\" content=\"Estimeret l\u00e6setid\" \/>\n\t<meta name=\"twitter:data2\" content=\"2 minutter\" \/>\n<script type=\"application\/ld+json\" class=\"yoast-schema-graph\">{\"@context\":\"https:\/\/schema.org\",\"@graph\":[{\"@type\":\"Article\",\"@id\":\"https:\/\/archimedys.fr\/archimedys-traitement-dechets-organiques\/#article\",\"isPartOf\":{\"@id\":\"https:\/\/archimedys.fr\/archimedys-traitement-dechets-organiques\/\"},\"author\":{\"name\":\"archimedysfr\",\"@id\":\"https:\/\/archimedys.fr\/#\/schema\/person\/0f326e2d3d04e71bf982c6dbcc6c070f\"},\"headline\":\"Archimedys\u2122 pour le traitement de d\u00e9chets organiques\",\"datePublished\":\"2015-07-27T13:07:32+00:00\",\"dateModified\":\"2025-09-15T13:48:14+00:00\",\"mainEntityOfPage\":{\"@id\":\"https:\/\/archimedys.fr\/archimedys-traitement-dechets-organiques\/\"},\"wordCount\":407,\"publisher\":{\"@id\":\"https:\/\/archimedys.fr\/#organization\"},\"image\":{\"@id\":\"https:\/\/archimedys.fr\/archimedys-traitement-dechets-organiques\/#primaryimage\"},\"thumbnailUrl\":\"https:\/\/archimedys.fr\/wp-content\/uploads\/2020\/01\/before-after-scaled-1.jpg\",\"articleSection\":[\"R\u00e9alisations\"],\"inLanguage\":\"da-DK\"},{\"@type\":\"WebPage\",\"@id\":\"https:\/\/archimedys.fr\/archimedys-traitement-dechets-organiques\/\",\"url\":\"https:\/\/archimedys.fr\/archimedys-traitement-dechets-organiques\/\",\"name\":\"Archimedys\u2122 pour le traitement de d\u00e9chets organiques - Archimedys\",\"isPartOf\":{\"@id\":\"https:\/\/archimedys.fr\/#website\"},\"primaryImageOfPage\":{\"@id\":\"https:\/\/archimedys.fr\/archimedys-traitement-dechets-organiques\/#primaryimage\"},\"image\":{\"@id\":\"https:\/\/archimedys.fr\/archimedys-traitement-dechets-organiques\/#primaryimage\"},\"thumbnailUrl\":\"https:\/\/archimedys.fr\/wp-content\/uploads\/2020\/01\/before-after-scaled-1.jpg\",\"datePublished\":\"2015-07-27T13:07:32+00:00\",\"dateModified\":\"2025-09-15T13:48:14+00:00\",\"description\":\"La vis d'Archim\u00e8de modulaire Archimedys\u2122 \u00e9quip\u00e9e chez un de nos clients sp\u00e9cialiste dans le traitement de d\u00e9chets organiques\",\"breadcrumb\":{\"@id\":\"https:\/\/archimedys.fr\/archimedys-traitement-dechets-organiques\/#breadcrumb\"},\"inLanguage\":\"da-DK\",\"potentialAction\":[{\"@type\":\"ReadAction\",\"target\":[\"https:\/\/archimedys.fr\/archimedys-traitement-dechets-organiques\/\"]}]},{\"@type\":\"ImageObject\",\"inLanguage\":\"da-DK\",\"@id\":\"https:\/\/archimedys.fr\/archimedys-traitement-dechets-organiques\/#primaryimage\",\"url\":\"https:\/\/archimedys.fr\/wp-content\/uploads\/2020\/01\/before-after-scaled-1.jpg\",\"contentUrl\":\"https:\/\/archimedys.fr\/wp-content\/uploads\/2020\/01\/before-after-scaled-1.jpg\",\"width\":2188,\"height\":2560,\"caption\":\"Remplacement d'une vis en acier par une vis modulaire en plastique\"},{\"@type\":\"BreadcrumbList\",\"@id\":\"https:\/\/archimedys.fr\/archimedys-traitement-dechets-organiques\/#breadcrumb\",\"itemListElement\":[{\"@type\":\"ListItem\",\"position\":1,\"name\":\"Accueil\",\"item\":\"https:\/\/archimedys.fr\/\"},{\"@type\":\"ListItem\",\"position\":2,\"name\":\"Archimedys\u2122 pour le traitement de d\u00e9chets organiques\"}]},{\"@type\":\"WebSite\",\"@id\":\"https:\/\/archimedys.fr\/#website\",\"url\":\"https:\/\/archimedys.fr\/\",\"name\":\"Archimedys\",\"description\":\"\",\"publisher\":{\"@id\":\"https:\/\/archimedys.fr\/#organization\"},\"potentialAction\":[{\"@type\":\"SearchAction\",\"target\":{\"@type\":\"EntryPoint\",\"urlTemplate\":\"https:\/\/archimedys.fr\/?s={search_term_string}\"},\"query-input\":{\"@type\":\"PropertyValueSpecification\",\"valueRequired\":true,\"valueName\":\"search_term_string\"}}],\"inLanguage\":\"da-DK\"},{\"@type\":\"Organization\",\"@id\":\"https:\/\/archimedys.fr\/#organization\",\"name\":\"Archimedys\",\"url\":\"https:\/\/archimedys.fr\/\",\"logo\":{\"@type\":\"ImageObject\",\"inLanguage\":\"da-DK\",\"@id\":\"https:\/\/archimedys.fr\/#\/schema\/logo\/image\/\",\"url\":\"https:\/\/archimedys.fr\/wp-content\/uploads\/2025\/03\/Design-sans-titre.svg\",\"contentUrl\":\"https:\/\/archimedys.fr\/wp-content\/uploads\/2025\/03\/Design-sans-titre.svg\",\"width\":350,\"height\":100,\"caption\":\"Archimedys\"},\"image\":{\"@id\":\"https:\/\/archimedys.fr\/#\/schema\/logo\/image\/\"}},{\"@type\":\"Person\",\"@id\":\"https:\/\/archimedys.fr\/#\/schema\/person\/0f326e2d3d04e71bf982c6dbcc6c070f\",\"name\":\"archimedysfr\",\"image\":{\"@type\":\"ImageObject\",\"inLanguage\":\"da-DK\",\"@id\":\"https:\/\/secure.gravatar.com\/avatar\/fd139960b5e96d7b31909239e427395b1670a5fce144ef6fab09f0962547e133?s=96&d=mm&r=g\",\"url\":\"https:\/\/secure.gravatar.com\/avatar\/fd139960b5e96d7b31909239e427395b1670a5fce144ef6fab09f0962547e133?s=96&d=mm&r=g\",\"contentUrl\":\"https:\/\/secure.gravatar.com\/avatar\/fd139960b5e96d7b31909239e427395b1670a5fce144ef6fab09f0962547e133?s=96&d=mm&r=g\",\"caption\":\"archimedysfr\"},\"url\":\"https:\/\/archimedys.fr\/da\/author\/archimedysfr\/\"}]}<\/script>\n<!-- \/ Yoast SEO plugin. -->","yoast_head_json":{"title":"Archimedys\u2122 pour le traitement de d\u00e9chets organiques - Archimedys","description":"La vis d'Archim\u00e8de modulaire Archimedys\u2122 \u00e9quip\u00e9e chez un de nos clients sp\u00e9cialiste dans le traitement de d\u00e9chets organiques","robots":{"index":"index","follow":"follow","max-snippet":"max-snippet:-1","max-image-preview":"max-image-preview:large","max-video-preview":"max-video-preview:-1"},"canonical":"https:\/\/archimedys.fr\/da\/archimedys-traitement-dechets-organiques\/","og_locale":"da_DK","og_type":"article","og_title":"Archimedys\u2122 pour le traitement de d\u00e9chets organiques - Archimedys","og_description":"La vis d'Archim\u00e8de modulaire Archimedys\u2122 \u00e9quip\u00e9e chez un de nos clients sp\u00e9cialiste dans le traitement de d\u00e9chets organiques","og_url":"https:\/\/archimedys.fr\/da\/archimedys-traitement-dechets-organiques\/","og_site_name":"Archimedys","article_published_time":"2015-07-27T13:07:32+00:00","article_modified_time":"2025-09-15T13:48:14+00:00","og_image":[{"width":2188,"height":2560,"url":"https:\/\/archimedys.fr\/wp-content\/uploads\/2020\/01\/before-after-scaled-1.jpg","type":"image\/jpeg"}],"author":"archimedysfr","twitter_card":"summary_large_image","twitter_misc":{"Skrevet af":"archimedysfr","Estimeret l\u00e6setid":"2 minutter"},"schema":{"@context":"https:\/\/schema.org","@graph":[{"@type":"Article","@id":"https:\/\/archimedys.fr\/archimedys-traitement-dechets-organiques\/#article","isPartOf":{"@id":"https:\/\/archimedys.fr\/archimedys-traitement-dechets-organiques\/"},"author":{"name":"archimedysfr","@id":"https:\/\/archimedys.fr\/#\/schema\/person\/0f326e2d3d04e71bf982c6dbcc6c070f"},"headline":"Archimedys\u2122 pour le traitement de d\u00e9chets organiques","datePublished":"2015-07-27T13:07:32+00:00","dateModified":"2025-09-15T13:48:14+00:00","mainEntityOfPage":{"@id":"https:\/\/archimedys.fr\/archimedys-traitement-dechets-organiques\/"},"wordCount":407,"publisher":{"@id":"https:\/\/archimedys.fr\/#organization"},"image":{"@id":"https:\/\/archimedys.fr\/archimedys-traitement-dechets-organiques\/#primaryimage"},"thumbnailUrl":"https:\/\/archimedys.fr\/wp-content\/uploads\/2020\/01\/before-after-scaled-1.jpg","articleSection":["R\u00e9alisations"],"inLanguage":"da-DK"},{"@type":"WebPage","@id":"https:\/\/archimedys.fr\/archimedys-traitement-dechets-organiques\/","url":"https:\/\/archimedys.fr\/archimedys-traitement-dechets-organiques\/","name":"Archimedys\u2122 pour le traitement de d\u00e9chets organiques - Archimedys","isPartOf":{"@id":"https:\/\/archimedys.fr\/#website"},"primaryImageOfPage":{"@id":"https:\/\/archimedys.fr\/archimedys-traitement-dechets-organiques\/#primaryimage"},"image":{"@id":"https:\/\/archimedys.fr\/archimedys-traitement-dechets-organiques\/#primaryimage"},"thumbnailUrl":"https:\/\/archimedys.fr\/wp-content\/uploads\/2020\/01\/before-after-scaled-1.jpg","datePublished":"2015-07-27T13:07:32+00:00","dateModified":"2025-09-15T13:48:14+00:00","description":"La vis d'Archim\u00e8de modulaire Archimedys\u2122 \u00e9quip\u00e9e chez un de nos clients sp\u00e9cialiste dans le traitement de d\u00e9chets organiques","breadcrumb":{"@id":"https:\/\/archimedys.fr\/archimedys-traitement-dechets-organiques\/#breadcrumb"},"inLanguage":"da-DK","potentialAction":[{"@type":"ReadAction","target":["https:\/\/archimedys.fr\/archimedys-traitement-dechets-organiques\/"]}]},{"@type":"ImageObject","inLanguage":"da-DK","@id":"https:\/\/archimedys.fr\/archimedys-traitement-dechets-organiques\/#primaryimage","url":"https:\/\/archimedys.fr\/wp-content\/uploads\/2020\/01\/before-after-scaled-1.jpg","contentUrl":"https:\/\/archimedys.fr\/wp-content\/uploads\/2020\/01\/before-after-scaled-1.jpg","width":2188,"height":2560,"caption":"Remplacement d'une vis en acier par une vis modulaire en plastique"},{"@type":"BreadcrumbList","@id":"https:\/\/archimedys.fr\/archimedys-traitement-dechets-organiques\/#breadcrumb","itemListElement":[{"@type":"ListItem","position":1,"name":"Accueil","item":"https:\/\/archimedys.fr\/"},{"@type":"ListItem","position":2,"name":"Archimedys\u2122 pour le traitement de d\u00e9chets organiques"}]},{"@type":"WebSite","@id":"https:\/\/archimedys.fr\/#website","url":"https:\/\/archimedys.fr\/","name":"Archimedys","description":"","publisher":{"@id":"https:\/\/archimedys.fr\/#organization"},"potentialAction":[{"@type":"SearchAction","target":{"@type":"EntryPoint","urlTemplate":"https:\/\/archimedys.fr\/?s={search_term_string}"},"query-input":{"@type":"PropertyValueSpecification","valueRequired":true,"valueName":"search_term_string"}}],"inLanguage":"da-DK"},{"@type":"Organization","@id":"https:\/\/archimedys.fr\/#organization","name":"Archimedys","url":"https:\/\/archimedys.fr\/","logo":{"@type":"ImageObject","inLanguage":"da-DK","@id":"https:\/\/archimedys.fr\/#\/schema\/logo\/image\/","url":"https:\/\/archimedys.fr\/wp-content\/uploads\/2025\/03\/Design-sans-titre.svg","contentUrl":"https:\/\/archimedys.fr\/wp-content\/uploads\/2025\/03\/Design-sans-titre.svg","width":350,"height":100,"caption":"Archimedys"},"image":{"@id":"https:\/\/archimedys.fr\/#\/schema\/logo\/image\/"}},{"@type":"Person","@id":"https:\/\/archimedys.fr\/#\/schema\/person\/0f326e2d3d04e71bf982c6dbcc6c070f","name":"archimedysfr","image":{"@type":"ImageObject","inLanguage":"da-DK","@id":"https:\/\/secure.gravatar.com\/avatar\/fd139960b5e96d7b31909239e427395b1670a5fce144ef6fab09f0962547e133?s=96&d=mm&r=g","url":"https:\/\/secure.gravatar.com\/avatar\/fd139960b5e96d7b31909239e427395b1670a5fce144ef6fab09f0962547e133?s=96&d=mm&r=g","contentUrl":"https:\/\/secure.gravatar.com\/avatar\/fd139960b5e96d7b31909239e427395b1670a5fce144ef6fab09f0962547e133?s=96&d=mm&r=g","caption":"archimedysfr"},"url":"https:\/\/archimedys.fr\/da\/author\/archimedysfr\/"}]}},"_links":{"self":[{"href":"https:\/\/archimedys.fr\/da\/wp-json\/wp\/v2\/posts\/2129","targetHints":{"allow":["GET"]}}],"collection":[{"href":"https:\/\/archimedys.fr\/da\/wp-json\/wp\/v2\/posts"}],"about":[{"href":"https:\/\/archimedys.fr\/da\/wp-json\/wp\/v2\/types\/post"}],"author":[{"embeddable":true,"href":"https:\/\/archimedys.fr\/da\/wp-json\/wp\/v2\/users\/2"}],"replies":[{"embeddable":true,"href":"https:\/\/archimedys.fr\/da\/wp-json\/wp\/v2\/comments?post=2129"}],"version-history":[{"count":1,"href":"https:\/\/archimedys.fr\/da\/wp-json\/wp\/v2\/posts\/2129\/revisions"}],"predecessor-version":[{"id":8384,"href":"https:\/\/archimedys.fr\/da\/wp-json\/wp\/v2\/posts\/2129\/revisions\/8384"}],"wp:featuredmedia":[{"embeddable":true,"href":"https:\/\/archimedys.fr\/da\/wp-json\/wp\/v2\/media\/2130"}],"wp:attachment":[{"href":"https:\/\/archimedys.fr\/da\/wp-json\/wp\/v2\/media?parent=2129"}],"wp:term":[{"taxonomy":"category","embeddable":true,"href":"https:\/\/archimedys.fr\/da\/wp-json\/wp\/v2\/categories?post=2129"},{"taxonomy":"post_tag","embeddable":true,"href":"https:\/\/archimedys.fr\/da\/wp-json\/wp\/v2\/tags?post=2129"}],"curies":[{"name":"wp","href":"https:\/\/api.w.org\/{rel}","templated":true}]}}