{"id":1439,"date":"2018-06-22T10:43:23","date_gmt":"2018-06-22T08:43:23","guid":{"rendered":"http:\/\/archimedys.fr\/?p=1439"},"modified":"2025-09-15T13:48:12","modified_gmt":"2025-09-15T13:48:12","slug":"archimedys-colorants-poudre","status":"publish","type":"post","link":"https:\/\/archimedys.fr\/da\/archimedys-colorants-poudre\/","title":{"rendered":"Archimedys\u2122 udstyrer linjer til transport af farvestoffer i pulverform"},"content":{"rendered":"<h3 class=\"wp-block-heading\">Archimedys\u2122, en teknologisk revolution til transport af farvestoffer i pulverform<\/h3>\n\n\n\n<p>Mange industrier bruger Archimedian-skruer til at transportere bulkprodukter. En \u00e6gte teknologisk revolution er p\u00e5 vej med Archimedys\u2122 modul\u00e6re polymer-skruetransport\u00f8rer, der er kommet p\u00e5 markedet. Fordelene er mange, og flere og flere producenter beslutter sig for at opgive den traditionelle st\u00e5lskrue til fordel for Archimedys\u2122, is\u00e6r til transport af farvestoffer i pulverform. <\/p>\n\n\n\n<h3 class=\"wp-block-heading\">Verdens f\u00f8rende producent af keramiske farvestoffer i pulverform bruger Archimedys\u2122.<\/h3>\n\n\n\n<p>De\nspecifikke farvestoffer og pigmenter giver farve til keramik og fliser.\nfliser. De er normalt oxider eller kombinationer af oxider i form af pulver.\npulverform. Disse metaloxidpulvere og -pigmenter er s\u00e6rligt slibende.\ns\u00e6rligt slibende. De transporteres til de forskellige produktionssteder\nved hj\u00e6lp af skruetransport\u00f8rer.<\/p>\n\n\n\n<p>Indtil nu,\nverdens f\u00f8rende producent af farver til keramik og fliser, der har base i\nSpanien, brugt st\u00e5lskruer. De blev hurtigt korroderet og for\u00e5rsagede\nvedligeholdelsesproblemer. Reparation af st\u00e5lskruerne\nkr\u00e6vede hyppige produktionsstop, tab af forretning og h\u00f8je vedligeholdelsesomkostninger.\nog h\u00f8je vedligeholdelsesomkostninger. Efter et meget vellykket fors\u00f8g blev alle transportb\u00e5nd i hans\np\u00e5 hans fabrik udstyret med dusinvis af Archimedys\u2122-modulskruer. <\/p>\n\n\n\n<h3 class=\"wp-block-heading\">Problemer med traditionelle st\u00e5lskruer er l\u00f8st!<\/h3>\n\n\n\n<p>Faktum er,\nmed en <strong>simpelt design<\/strong> og kompakt, er Archimedys\u2122-skruen lettere end en\nend en st\u00e5lskrue. Den er enkel at bygge, <strong>problemfri<\/strong>,\naf <strong>samling <\/strong>standardmoduler langs en akse, direkte p\u00e5 stedet eller i v\u00e6rkstedet.\np\u00e5 stedet eller i v\u00e6rkstedet.<\/p>\n\n\n\n<p>Le <strong>polymer<\/strong>\nder bruges til at fremstille Archimedys\u2122-skruen, d\u00e6mper st\u00f8j under drift. Den\nhar ogs\u00e5 funktioner, <strong>h\u00f8j modstandsdygtighed over for korrosion<\/strong>til <strong>Syrer<\/strong>,\nbaser og et v\u00e6ld af aggressive kemikalier. Dens modstandsdygtighed over for\nslid er i nogle tilf\u00e6lde tre gange st\u00f8rre end st\u00e5lets.<\/p>\n\n\n\n<p>I tilf\u00e6lde af en h\u00e6ndelse\nog et omr\u00e5de af skruen \u00f8del\u00e6gges, bliver de beskadigede moduler simpelthen\nudskiftes. Vedligeholdelsen er hurtig og reducerer indvirkningen p\u00e5 produktiviteten.\nproduktivitet. <\/p>\n\n\n\n<p>T\u00f8v ikke med at\nt\u00f8ve med at <a href=\"https:\/\/archimedys.fr\/da\/contact\/\">kontakt<\/a> for alle oplysninger. Vi\ndesigner og fremstiller de mekaniske dele, der er n\u00f8dvendige for at installere eller tilpasse\ninstallation eller tilpasning af modul\u00e6re skruer p\u00e5 dine eksisterende installationer\neller nyt udstyr.<\/p>","protected":false},"excerpt":{"rendered":"<p>Archimedys\u2122, r\u00e9volution technologique pour le transport de colorants en poudre De nombreuses industries utilisent des vis d\u2019Archim\u00e8de pour le transport de produits en vrac. Une v\u00e9ritable r\u00e9volution technologique est en cours avec l\u2019arriv\u00e9e sur le march\u00e9 des convoyeurs de vis Archimedys\u2122 modulaire en polym\u00e8res. Ses avantages sont nombreux et de plus en plus d\u2019industriels d\u00e9cident [&hellip;]<\/p>\n","protected":false},"author":2,"featured_media":7267,"comment_status":"closed","ping_status":"closed","sticky":false,"template":"","format":"standard","meta":{"_acf_changed":false,"footnotes":""},"categories":[8],"tags":[],"class_list":["post-1439","post","type-post","status-publish","format-standard","has-post-thumbnail","hentry","category-realisations"],"acf":[],"yoast_head":"<!-- This site is optimized with the Yoast SEO plugin v27.2 - https:\/\/yoast.com\/product\/yoast-seo-wordpress\/ -->\n<title>Archimedys\u2122 \u00e9quipe les lignes pour le transport de colorants en poudre<\/title>\n<meta name=\"description\" content=\"Archimedys\u2122 \u00e9quip\u00e9e pour le transport des colorants en poudre pour c\u00e9ramique chez le leader mondial des colorants pour c\u00e9ramique et carrelages\" \/>\n<meta name=\"robots\" content=\"index, follow, max-snippet:-1, max-image-preview:large, max-video-preview:-1\" \/>\n<link rel=\"canonical\" href=\"https:\/\/archimedys.fr\/da\/archimedys-colorants-poudre\/\" \/>\n<meta property=\"og:locale\" content=\"da_DK\" \/>\n<meta property=\"og:type\" content=\"article\" \/>\n<meta property=\"og:title\" content=\"Archimedys\u2122 \u00e9quipe les lignes pour le transport de colorants en poudre\" \/>\n<meta property=\"og:description\" content=\"Archimedys\u2122 \u00e9quip\u00e9e pour le transport des colorants en poudre pour c\u00e9ramique chez le leader mondial des colorants pour c\u00e9ramique et carrelages\" \/>\n<meta property=\"og:url\" content=\"https:\/\/archimedys.fr\/da\/archimedys-colorants-poudre\/\" \/>\n<meta property=\"og:site_name\" content=\"Archimedys\" \/>\n<meta property=\"article:published_time\" content=\"2018-06-22T08:43:23+00:00\" \/>\n<meta property=\"article:modified_time\" content=\"2025-09-15T13:48:12+00:00\" \/>\n<meta property=\"og:image\" content=\"https:\/\/archimedys.fr\/wp-content\/uploads\/2018\/06\/thom-masat-8kLFdQh6scA-unsplash-683x1024-1.jpg\" \/>\n\t<meta property=\"og:image:width\" content=\"683\" \/>\n\t<meta property=\"og:image:height\" content=\"1024\" \/>\n\t<meta property=\"og:image:type\" content=\"image\/jpeg\" \/>\n<meta name=\"author\" content=\"archimedysfr\" \/>\n<meta name=\"twitter:card\" content=\"summary_large_image\" \/>\n<meta name=\"twitter:label1\" content=\"Skrevet af\" \/>\n\t<meta name=\"twitter:data1\" content=\"archimedysfr\" \/>\n\t<meta name=\"twitter:label2\" content=\"Estimeret l\u00e6setid\" \/>\n\t<meta name=\"twitter:data2\" content=\"2 minutter\" \/>\n<script type=\"application\/ld+json\" class=\"yoast-schema-graph\">{\"@context\":\"https:\/\/schema.org\",\"@graph\":[{\"@type\":\"Article\",\"@id\":\"https:\/\/archimedys.fr\/archimedys-colorants-poudre\/#article\",\"isPartOf\":{\"@id\":\"https:\/\/archimedys.fr\/archimedys-colorants-poudre\/\"},\"author\":{\"name\":\"archimedysfr\",\"@id\":\"https:\/\/archimedys.fr\/#\/schema\/person\/0f326e2d3d04e71bf982c6dbcc6c070f\"},\"headline\":\"Archimedys\u2122 \u00e9quipe les lignes pour le transport de colorants en poudre\",\"datePublished\":\"2018-06-22T08:43:23+00:00\",\"dateModified\":\"2025-09-15T13:48:12+00:00\",\"mainEntityOfPage\":{\"@id\":\"https:\/\/archimedys.fr\/archimedys-colorants-poudre\/\"},\"wordCount\":448,\"publisher\":{\"@id\":\"https:\/\/archimedys.fr\/#organization\"},\"image\":{\"@id\":\"https:\/\/archimedys.fr\/archimedys-colorants-poudre\/#primaryimage\"},\"thumbnailUrl\":\"https:\/\/archimedys.fr\/wp-content\/uploads\/2018\/06\/thom-masat-8kLFdQh6scA-unsplash-683x1024-1.jpg\",\"articleSection\":[\"R\u00e9alisations\"],\"inLanguage\":\"da-DK\"},{\"@type\":\"WebPage\",\"@id\":\"https:\/\/archimedys.fr\/archimedys-colorants-poudre\/\",\"url\":\"https:\/\/archimedys.fr\/archimedys-colorants-poudre\/\",\"name\":\"Archimedys\u2122 \u00e9quipe les lignes pour le transport de colorants en poudre\",\"isPartOf\":{\"@id\":\"https:\/\/archimedys.fr\/#website\"},\"primaryImageOfPage\":{\"@id\":\"https:\/\/archimedys.fr\/archimedys-colorants-poudre\/#primaryimage\"},\"image\":{\"@id\":\"https:\/\/archimedys.fr\/archimedys-colorants-poudre\/#primaryimage\"},\"thumbnailUrl\":\"https:\/\/archimedys.fr\/wp-content\/uploads\/2018\/06\/thom-masat-8kLFdQh6scA-unsplash-683x1024-1.jpg\",\"datePublished\":\"2018-06-22T08:43:23+00:00\",\"dateModified\":\"2025-09-15T13:48:12+00:00\",\"description\":\"Archimedys\u2122 \u00e9quip\u00e9e pour le transport des colorants en poudre pour c\u00e9ramique chez le leader mondial des colorants pour c\u00e9ramique et carrelages\",\"breadcrumb\":{\"@id\":\"https:\/\/archimedys.fr\/archimedys-colorants-poudre\/#breadcrumb\"},\"inLanguage\":\"da-DK\",\"potentialAction\":[{\"@type\":\"ReadAction\",\"target\":[\"https:\/\/archimedys.fr\/archimedys-colorants-poudre\/\"]}]},{\"@type\":\"ImageObject\",\"inLanguage\":\"da-DK\",\"@id\":\"https:\/\/archimedys.fr\/archimedys-colorants-poudre\/#primaryimage\",\"url\":\"https:\/\/archimedys.fr\/wp-content\/uploads\/2018\/06\/thom-masat-8kLFdQh6scA-unsplash-683x1024-1.jpg\",\"contentUrl\":\"https:\/\/archimedys.fr\/wp-content\/uploads\/2018\/06\/thom-masat-8kLFdQh6scA-unsplash-683x1024-1.jpg\",\"width\":683,\"height\":1024,\"caption\":\"Poudre vis sans fin convoyage\"},{\"@type\":\"BreadcrumbList\",\"@id\":\"https:\/\/archimedys.fr\/archimedys-colorants-poudre\/#breadcrumb\",\"itemListElement\":[{\"@type\":\"ListItem\",\"position\":1,\"name\":\"Accueil\",\"item\":\"https:\/\/archimedys.fr\/\"},{\"@type\":\"ListItem\",\"position\":2,\"name\":\"Archimedys\u2122 \u00e9quipe les lignes pour le transport de colorants en poudre\"}]},{\"@type\":\"WebSite\",\"@id\":\"https:\/\/archimedys.fr\/#website\",\"url\":\"https:\/\/archimedys.fr\/\",\"name\":\"Archimedys\",\"description\":\"\",\"publisher\":{\"@id\":\"https:\/\/archimedys.fr\/#organization\"},\"potentialAction\":[{\"@type\":\"SearchAction\",\"target\":{\"@type\":\"EntryPoint\",\"urlTemplate\":\"https:\/\/archimedys.fr\/?s={search_term_string}\"},\"query-input\":{\"@type\":\"PropertyValueSpecification\",\"valueRequired\":true,\"valueName\":\"search_term_string\"}}],\"inLanguage\":\"da-DK\"},{\"@type\":\"Organization\",\"@id\":\"https:\/\/archimedys.fr\/#organization\",\"name\":\"Archimedys\",\"url\":\"https:\/\/archimedys.fr\/\",\"logo\":{\"@type\":\"ImageObject\",\"inLanguage\":\"da-DK\",\"@id\":\"https:\/\/archimedys.fr\/#\/schema\/logo\/image\/\",\"url\":\"https:\/\/archimedys.fr\/wp-content\/uploads\/2025\/03\/Design-sans-titre.svg\",\"contentUrl\":\"https:\/\/archimedys.fr\/wp-content\/uploads\/2025\/03\/Design-sans-titre.svg\",\"width\":350,\"height\":100,\"caption\":\"Archimedys\"},\"image\":{\"@id\":\"https:\/\/archimedys.fr\/#\/schema\/logo\/image\/\"}},{\"@type\":\"Person\",\"@id\":\"https:\/\/archimedys.fr\/#\/schema\/person\/0f326e2d3d04e71bf982c6dbcc6c070f\",\"name\":\"archimedysfr\",\"image\":{\"@type\":\"ImageObject\",\"inLanguage\":\"da-DK\",\"@id\":\"https:\/\/secure.gravatar.com\/avatar\/fd139960b5e96d7b31909239e427395b1670a5fce144ef6fab09f0962547e133?s=96&d=mm&r=g\",\"url\":\"https:\/\/secure.gravatar.com\/avatar\/fd139960b5e96d7b31909239e427395b1670a5fce144ef6fab09f0962547e133?s=96&d=mm&r=g\",\"contentUrl\":\"https:\/\/secure.gravatar.com\/avatar\/fd139960b5e96d7b31909239e427395b1670a5fce144ef6fab09f0962547e133?s=96&d=mm&r=g\",\"caption\":\"archimedysfr\"},\"url\":\"https:\/\/archimedys.fr\/da\/author\/archimedysfr\/\"}]}<\/script>\n<!-- \/ Yoast SEO plugin. -->","yoast_head_json":{"title":"Archimedys\u2122 udstyrer linjer til transport af farvestoffer i pulverform","description":"Archimedys\u2122 \u00e9quip\u00e9e pour le transport des colorants en poudre pour c\u00e9ramique chez le leader mondial des colorants pour c\u00e9ramique et carrelages","robots":{"index":"index","follow":"follow","max-snippet":"max-snippet:-1","max-image-preview":"max-image-preview:large","max-video-preview":"max-video-preview:-1"},"canonical":"https:\/\/archimedys.fr\/da\/archimedys-colorants-poudre\/","og_locale":"da_DK","og_type":"article","og_title":"Archimedys\u2122 \u00e9quipe les lignes pour le transport de colorants en poudre","og_description":"Archimedys\u2122 \u00e9quip\u00e9e pour le transport des colorants en poudre pour c\u00e9ramique chez le leader mondial des colorants pour c\u00e9ramique et carrelages","og_url":"https:\/\/archimedys.fr\/da\/archimedys-colorants-poudre\/","og_site_name":"Archimedys","article_published_time":"2018-06-22T08:43:23+00:00","article_modified_time":"2025-09-15T13:48:12+00:00","og_image":[{"width":683,"height":1024,"url":"https:\/\/archimedys.fr\/wp-content\/uploads\/2018\/06\/thom-masat-8kLFdQh6scA-unsplash-683x1024-1.jpg","type":"image\/jpeg"}],"author":"archimedysfr","twitter_card":"summary_large_image","twitter_misc":{"Skrevet af":"archimedysfr","Estimeret l\u00e6setid":"2 minutter"},"schema":{"@context":"https:\/\/schema.org","@graph":[{"@type":"Article","@id":"https:\/\/archimedys.fr\/archimedys-colorants-poudre\/#article","isPartOf":{"@id":"https:\/\/archimedys.fr\/archimedys-colorants-poudre\/"},"author":{"name":"archimedysfr","@id":"https:\/\/archimedys.fr\/#\/schema\/person\/0f326e2d3d04e71bf982c6dbcc6c070f"},"headline":"Archimedys\u2122 \u00e9quipe les lignes pour le transport de colorants en poudre","datePublished":"2018-06-22T08:43:23+00:00","dateModified":"2025-09-15T13:48:12+00:00","mainEntityOfPage":{"@id":"https:\/\/archimedys.fr\/archimedys-colorants-poudre\/"},"wordCount":448,"publisher":{"@id":"https:\/\/archimedys.fr\/#organization"},"image":{"@id":"https:\/\/archimedys.fr\/archimedys-colorants-poudre\/#primaryimage"},"thumbnailUrl":"https:\/\/archimedys.fr\/wp-content\/uploads\/2018\/06\/thom-masat-8kLFdQh6scA-unsplash-683x1024-1.jpg","articleSection":["R\u00e9alisations"],"inLanguage":"da-DK"},{"@type":"WebPage","@id":"https:\/\/archimedys.fr\/archimedys-colorants-poudre\/","url":"https:\/\/archimedys.fr\/archimedys-colorants-poudre\/","name":"Archimedys\u2122 udstyrer linjer til transport af farvestoffer i pulverform","isPartOf":{"@id":"https:\/\/archimedys.fr\/#website"},"primaryImageOfPage":{"@id":"https:\/\/archimedys.fr\/archimedys-colorants-poudre\/#primaryimage"},"image":{"@id":"https:\/\/archimedys.fr\/archimedys-colorants-poudre\/#primaryimage"},"thumbnailUrl":"https:\/\/archimedys.fr\/wp-content\/uploads\/2018\/06\/thom-masat-8kLFdQh6scA-unsplash-683x1024-1.jpg","datePublished":"2018-06-22T08:43:23+00:00","dateModified":"2025-09-15T13:48:12+00:00","description":"Archimedys\u2122 \u00e9quip\u00e9e pour le transport des colorants en poudre pour c\u00e9ramique chez le leader mondial des colorants pour c\u00e9ramique et carrelages","breadcrumb":{"@id":"https:\/\/archimedys.fr\/archimedys-colorants-poudre\/#breadcrumb"},"inLanguage":"da-DK","potentialAction":[{"@type":"ReadAction","target":["https:\/\/archimedys.fr\/archimedys-colorants-poudre\/"]}]},{"@type":"ImageObject","inLanguage":"da-DK","@id":"https:\/\/archimedys.fr\/archimedys-colorants-poudre\/#primaryimage","url":"https:\/\/archimedys.fr\/wp-content\/uploads\/2018\/06\/thom-masat-8kLFdQh6scA-unsplash-683x1024-1.jpg","contentUrl":"https:\/\/archimedys.fr\/wp-content\/uploads\/2018\/06\/thom-masat-8kLFdQh6scA-unsplash-683x1024-1.jpg","width":683,"height":1024,"caption":"Poudre vis sans fin convoyage"},{"@type":"BreadcrumbList","@id":"https:\/\/archimedys.fr\/archimedys-colorants-poudre\/#breadcrumb","itemListElement":[{"@type":"ListItem","position":1,"name":"Accueil","item":"https:\/\/archimedys.fr\/"},{"@type":"ListItem","position":2,"name":"Archimedys\u2122 \u00e9quipe les lignes pour le transport de colorants en poudre"}]},{"@type":"WebSite","@id":"https:\/\/archimedys.fr\/#website","url":"https:\/\/archimedys.fr\/","name":"Archimedys","description":"","publisher":{"@id":"https:\/\/archimedys.fr\/#organization"},"potentialAction":[{"@type":"SearchAction","target":{"@type":"EntryPoint","urlTemplate":"https:\/\/archimedys.fr\/?s={search_term_string}"},"query-input":{"@type":"PropertyValueSpecification","valueRequired":true,"valueName":"search_term_string"}}],"inLanguage":"da-DK"},{"@type":"Organization","@id":"https:\/\/archimedys.fr\/#organization","name":"Archimedys","url":"https:\/\/archimedys.fr\/","logo":{"@type":"ImageObject","inLanguage":"da-DK","@id":"https:\/\/archimedys.fr\/#\/schema\/logo\/image\/","url":"https:\/\/archimedys.fr\/wp-content\/uploads\/2025\/03\/Design-sans-titre.svg","contentUrl":"https:\/\/archimedys.fr\/wp-content\/uploads\/2025\/03\/Design-sans-titre.svg","width":350,"height":100,"caption":"Archimedys"},"image":{"@id":"https:\/\/archimedys.fr\/#\/schema\/logo\/image\/"}},{"@type":"Person","@id":"https:\/\/archimedys.fr\/#\/schema\/person\/0f326e2d3d04e71bf982c6dbcc6c070f","name":"archimedysfr","image":{"@type":"ImageObject","inLanguage":"da-DK","@id":"https:\/\/secure.gravatar.com\/avatar\/fd139960b5e96d7b31909239e427395b1670a5fce144ef6fab09f0962547e133?s=96&d=mm&r=g","url":"https:\/\/secure.gravatar.com\/avatar\/fd139960b5e96d7b31909239e427395b1670a5fce144ef6fab09f0962547e133?s=96&d=mm&r=g","contentUrl":"https:\/\/secure.gravatar.com\/avatar\/fd139960b5e96d7b31909239e427395b1670a5fce144ef6fab09f0962547e133?s=96&d=mm&r=g","caption":"archimedysfr"},"url":"https:\/\/archimedys.fr\/da\/author\/archimedysfr\/"}]}},"_links":{"self":[{"href":"https:\/\/archimedys.fr\/da\/wp-json\/wp\/v2\/posts\/1439","targetHints":{"allow":["GET"]}}],"collection":[{"href":"https:\/\/archimedys.fr\/da\/wp-json\/wp\/v2\/posts"}],"about":[{"href":"https:\/\/archimedys.fr\/da\/wp-json\/wp\/v2\/types\/post"}],"author":[{"embeddable":true,"href":"https:\/\/archimedys.fr\/da\/wp-json\/wp\/v2\/users\/2"}],"replies":[{"embeddable":true,"href":"https:\/\/archimedys.fr\/da\/wp-json\/wp\/v2\/comments?post=1439"}],"version-history":[{"count":2,"href":"https:\/\/archimedys.fr\/da\/wp-json\/wp\/v2\/posts\/1439\/revisions"}],"predecessor-version":[{"id":8162,"href":"https:\/\/archimedys.fr\/da\/wp-json\/wp\/v2\/posts\/1439\/revisions\/8162"}],"wp:featuredmedia":[{"embeddable":true,"href":"https:\/\/archimedys.fr\/da\/wp-json\/wp\/v2\/media\/7267"}],"wp:attachment":[{"href":"https:\/\/archimedys.fr\/da\/wp-json\/wp\/v2\/media?parent=1439"}],"wp:term":[{"taxonomy":"category","embeddable":true,"href":"https:\/\/archimedys.fr\/da\/wp-json\/wp\/v2\/categories?post=1439"},{"taxonomy":"post_tag","embeddable":true,"href":"https:\/\/archimedys.fr\/da\/wp-json\/wp\/v2\/tags?post=1439"}],"curies":[{"name":"wp","href":"https:\/\/api.w.org\/{rel}","templated":true}]}}