{"id":1439,"date":"2018-06-22T10:43:23","date_gmt":"2018-06-22T08:43:23","guid":{"rendered":"http:\/\/archimedys.fr\/?p=1439"},"modified":"2025-09-15T13:48:12","modified_gmt":"2025-09-15T13:48:12","slug":"archimedys-colorants-poudre","status":"publish","type":"post","link":"https:\/\/archimedys.fr\/cs\/archimedys-colorants-poudre\/","title":{"rendered":"Archimedys\u2122 vybavuje linky pro p\u0159epravu pr\u00e1\u0161kov\u00fdch barviv"},"content":{"rendered":"<h3 class=\"wp-block-heading\">Archimedys\u2122, technologick\u00e1 revoluce pro p\u0159epravu pr\u00e1\u0161kov\u00fdch barviv<\/h3>\n\n\n\n<p>Archim\u00e9dovy \u0161rouby se pou\u017e\u00edvaj\u00ed v mnoha pr\u016fmyslov\u00fdch odv\u011btv\u00edch k p\u0159eprav\u011b sypk\u00fdch produkt\u016f. S p\u0159\u00edchodem modul\u00e1rn\u00edch polymerov\u00fdch \u0161nekov\u00fdch dopravn\u00edk\u016f Archimedys\u2122 na trh doch\u00e1z\u00ed ke skute\u010dn\u00e9 technologick\u00e9 revoluci. Jeho v\u00fdhody jsou \u010detn\u00e9 a st\u00e1le v\u00edce v\u00fdrobc\u016f se rozhoduje opustit tradi\u010dn\u00ed ocelov\u00fd \u0161nek ve prosp\u011bch Archimedys\u2122, zejm\u00e9na pro p\u0159epravu pr\u00e1\u0161kov\u00fdch barviv. <\/p>\n\n\n\n<h3 class=\"wp-block-heading\">Sv\u011btov\u00fd l\u00eddr v oblasti pr\u00e1\u0161kov\u00fdch keramick\u00fdch mo\u0159idel pou\u017e\u00edv\u00e1 Archimedys\u2122<\/h3>\n\n\n\n<p>Na str\u00e1nk\u00e1ch\nSpecifick\u00e1 barviva a pigmenty dod\u00e1vaj\u00ed barvu keramice a dla\u017edic\u00edm.\nobklady a dla\u017eby. Obvykle se jedn\u00e1 o oxidy nebo kombinace oxid\u016f ve form\u011b pr\u00e1\u0161ku.\nV pr\u00e1\u0161kov\u00e9 form\u011b. Tyto pr\u00e1\u0161kov\u00e9 oxidy kov\u016f a pigmenty jsou obzvl\u00e1\u0161t\u011b abrazivn\u00ed.\njsou obzvl\u00e1\u0161t\u011b abrazivn\u00ed. Jsou dopravov\u00e1ny do r\u016fzn\u00fdch v\u00fdrobn\u00edch\npomoc\u00ed \u0161nekov\u00fdch dopravn\u00edk\u016f.<\/p>\n\n\n\n<p>A\u017e dosud,\np\u0159edn\u00ed sv\u011btov\u00fd v\u00fdrobce barev pro keramiku a obklady se s\u00eddlem v Praze.\n\u0160pan\u011blsku, pou\u017e\u00edval ocelov\u00e9 \u0161rouby. Ty rychle korodovaly a zp\u016fsobovaly\nprobl\u00e9my s \u00fadr\u017ebou. Oprava ocelov\u00fdch \u0161roub\u016f\nvy\u017eadovala \u010dast\u00e9 odst\u00e1vky v\u00fdroby, ztr\u00e1ty v podnik\u00e1n\u00ed a vysok\u00e9 n\u00e1klady na \u00fadr\u017ebu.\na vysok\u00e9 n\u00e1klady na \u00fadr\u017ebu. Po velmi \u00fasp\u011b\u0161n\u00e9m zku\u0161ebn\u00edm provozu byly v\u0161echny dopravn\u00edky v jeho\njeho tov\u00e1rn\u011b byly osazeny des\u00edtkami modul\u00e1rn\u00edch \u0161nek\u016f Archimedys\u2122. <\/p>\n\n\n\n<h3 class=\"wp-block-heading\">Tradi\u010dn\u00ed probl\u00e9my s ocelov\u00fdmi \u0161rouby vy\u0159e\u0161eny!<\/h3>\n\n\n\n<p>Skute\u010dnost je takov\u00e1,\n\u017ee s <strong>jednoduch\u00fd design<\/strong> a kompaktn\u00ed, \u0161roub Archimedys\u2122 je leh\u010d\u00ed.\nne\u017e ocelov\u00fd \u0161roub. Jeho konstrukce je jednoduch\u00e1, <strong>bezprobl\u00e9mov\u00e9<\/strong>,\npodle <strong>mont\u00e1\u017e <\/strong>standardn\u00ed moduly pod\u00e9l osy, p\u0159\u00edmo na m\u00edst\u011b nebo v za\u0159\u00edzen\u00ed.\np\u0159\u00edmo na m\u00edst\u011b nebo v d\u00edln\u011b.<\/p>\n\n\n\n<p>Le <strong>polymer<\/strong>\npou\u017eit\u00fd k v\u00fdrob\u011b \u0161roubu Archimedys\u2122 tlum\u00ed hluk p\u0159i provozu. Je\nm\u00e1 tak\u00e9 tyto vlastnosti, <strong>vysok\u00e1 odolnost proti korozi<\/strong>na <strong>kyseliny<\/strong>,\nz\u00e1klad\u016f a \u0159ady agresivn\u00edch chemik\u00e1li\u00ed. Jeho odolnost v\u016f\u010di\nod\u011bru je v n\u011bkter\u00fdch p\u0159\u00edpadech t\u0159ikr\u00e1t vy\u0161\u0161\u00ed ne\u017e u oceli.<\/p>\n\n\n\n<p>V p\u0159\u00edpad\u011b incidentu\na oblast \u0161roubu je zni\u010dena, po\u0161kozen\u00e9 moduly jsou jednodu\u0161e\nvym\u011bn\u00ed. \u00dadr\u017eba je rychl\u00e1 a sni\u017euje dopad na produktivitu.\nproduktivita. <\/p>\n\n\n\n<p>Nev\u00e1hejte\nv\u00e1hat <a href=\"https:\/\/archimedys.fr\/cs\/contact\/\">kontakt<\/a> pro v\u0161echny informace. Jsme\nnavrhujeme a vyr\u00e1b\u00edme mechanick\u00e9 d\u00edly pot\u0159ebn\u00e9 k instalaci nebo \u00faprav\u011b.\ninstalace nebo adaptace modul\u00e1rn\u00edch \u0161roub\u016f na va\u0161e st\u00e1vaj\u00edc\u00ed instalace.\nnebo nov\u00fdch za\u0159\u00edzen\u00edch.<\/p>","protected":false},"excerpt":{"rendered":"<p>Archimedys\u2122, r\u00e9volution technologique pour le transport de colorants en poudre De nombreuses industries utilisent des vis d\u2019Archim\u00e8de pour le transport de produits en vrac. Une v\u00e9ritable r\u00e9volution technologique est en cours avec l\u2019arriv\u00e9e sur le march\u00e9 des convoyeurs de vis Archimedys\u2122 modulaire en polym\u00e8res. Ses avantages sont nombreux et de plus en plus d\u2019industriels d\u00e9cident [&hellip;]<\/p>\n","protected":false},"author":2,"featured_media":7267,"comment_status":"closed","ping_status":"closed","sticky":false,"template":"","format":"standard","meta":{"_acf_changed":false,"footnotes":""},"categories":[8],"tags":[],"class_list":["post-1439","post","type-post","status-publish","format-standard","has-post-thumbnail","hentry","category-realisations"],"acf":[],"yoast_head":"<!-- This site is optimized with the Yoast SEO plugin v27.2 - https:\/\/yoast.com\/product\/yoast-seo-wordpress\/ -->\n<title>Archimedys\u2122 \u00e9quipe les lignes pour le transport de colorants en poudre<\/title>\n<meta name=\"description\" content=\"Archimedys\u2122 \u00e9quip\u00e9e pour le transport des colorants en poudre pour c\u00e9ramique chez le leader mondial des colorants pour c\u00e9ramique et carrelages\" \/>\n<meta name=\"robots\" content=\"index, follow, max-snippet:-1, max-image-preview:large, max-video-preview:-1\" \/>\n<link rel=\"canonical\" href=\"https:\/\/archimedys.fr\/cs\/archimedys-colorants-poudre\/\" \/>\n<meta property=\"og:locale\" content=\"cs_CZ\" \/>\n<meta property=\"og:type\" content=\"article\" \/>\n<meta property=\"og:title\" content=\"Archimedys\u2122 \u00e9quipe les lignes pour le transport de colorants en poudre\" \/>\n<meta property=\"og:description\" content=\"Archimedys\u2122 \u00e9quip\u00e9e pour le transport des colorants en poudre pour c\u00e9ramique chez le leader mondial des colorants pour c\u00e9ramique et carrelages\" \/>\n<meta property=\"og:url\" content=\"https:\/\/archimedys.fr\/cs\/archimedys-colorants-poudre\/\" \/>\n<meta property=\"og:site_name\" content=\"Archimedys\" \/>\n<meta property=\"article:published_time\" content=\"2018-06-22T08:43:23+00:00\" \/>\n<meta property=\"article:modified_time\" content=\"2025-09-15T13:48:12+00:00\" \/>\n<meta property=\"og:image\" content=\"https:\/\/archimedys.fr\/wp-content\/uploads\/2018\/06\/thom-masat-8kLFdQh6scA-unsplash-683x1024-1.jpg\" \/>\n\t<meta property=\"og:image:width\" content=\"683\" \/>\n\t<meta property=\"og:image:height\" content=\"1024\" \/>\n\t<meta property=\"og:image:type\" content=\"image\/jpeg\" \/>\n<meta name=\"author\" content=\"archimedysfr\" \/>\n<meta name=\"twitter:card\" content=\"summary_large_image\" \/>\n<meta name=\"twitter:label1\" content=\"Napsal(a)\" \/>\n\t<meta name=\"twitter:data1\" content=\"archimedysfr\" \/>\n\t<meta name=\"twitter:label2\" content=\"Odhadovan\u00e1 doba \u010dten\u00ed\" \/>\n\t<meta name=\"twitter:data2\" content=\"2 minuty\" \/>\n<script type=\"application\/ld+json\" class=\"yoast-schema-graph\">{\"@context\":\"https:\/\/schema.org\",\"@graph\":[{\"@type\":\"Article\",\"@id\":\"https:\/\/archimedys.fr\/archimedys-colorants-poudre\/#article\",\"isPartOf\":{\"@id\":\"https:\/\/archimedys.fr\/archimedys-colorants-poudre\/\"},\"author\":{\"name\":\"archimedysfr\",\"@id\":\"https:\/\/archimedys.fr\/#\/schema\/person\/0f326e2d3d04e71bf982c6dbcc6c070f\"},\"headline\":\"Archimedys\u2122 \u00e9quipe les lignes pour le transport de colorants en poudre\",\"datePublished\":\"2018-06-22T08:43:23+00:00\",\"dateModified\":\"2025-09-15T13:48:12+00:00\",\"mainEntityOfPage\":{\"@id\":\"https:\/\/archimedys.fr\/archimedys-colorants-poudre\/\"},\"wordCount\":448,\"publisher\":{\"@id\":\"https:\/\/archimedys.fr\/#organization\"},\"image\":{\"@id\":\"https:\/\/archimedys.fr\/archimedys-colorants-poudre\/#primaryimage\"},\"thumbnailUrl\":\"https:\/\/archimedys.fr\/wp-content\/uploads\/2018\/06\/thom-masat-8kLFdQh6scA-unsplash-683x1024-1.jpg\",\"articleSection\":[\"R\u00e9alisations\"],\"inLanguage\":\"cs\"},{\"@type\":\"WebPage\",\"@id\":\"https:\/\/archimedys.fr\/archimedys-colorants-poudre\/\",\"url\":\"https:\/\/archimedys.fr\/archimedys-colorants-poudre\/\",\"name\":\"Archimedys\u2122 \u00e9quipe les lignes pour le transport de colorants en poudre\",\"isPartOf\":{\"@id\":\"https:\/\/archimedys.fr\/#website\"},\"primaryImageOfPage\":{\"@id\":\"https:\/\/archimedys.fr\/archimedys-colorants-poudre\/#primaryimage\"},\"image\":{\"@id\":\"https:\/\/archimedys.fr\/archimedys-colorants-poudre\/#primaryimage\"},\"thumbnailUrl\":\"https:\/\/archimedys.fr\/wp-content\/uploads\/2018\/06\/thom-masat-8kLFdQh6scA-unsplash-683x1024-1.jpg\",\"datePublished\":\"2018-06-22T08:43:23+00:00\",\"dateModified\":\"2025-09-15T13:48:12+00:00\",\"description\":\"Archimedys\u2122 \u00e9quip\u00e9e pour le transport des colorants en poudre pour c\u00e9ramique chez le leader mondial des colorants pour c\u00e9ramique et carrelages\",\"breadcrumb\":{\"@id\":\"https:\/\/archimedys.fr\/archimedys-colorants-poudre\/#breadcrumb\"},\"inLanguage\":\"cs\",\"potentialAction\":[{\"@type\":\"ReadAction\",\"target\":[\"https:\/\/archimedys.fr\/archimedys-colorants-poudre\/\"]}]},{\"@type\":\"ImageObject\",\"inLanguage\":\"cs\",\"@id\":\"https:\/\/archimedys.fr\/archimedys-colorants-poudre\/#primaryimage\",\"url\":\"https:\/\/archimedys.fr\/wp-content\/uploads\/2018\/06\/thom-masat-8kLFdQh6scA-unsplash-683x1024-1.jpg\",\"contentUrl\":\"https:\/\/archimedys.fr\/wp-content\/uploads\/2018\/06\/thom-masat-8kLFdQh6scA-unsplash-683x1024-1.jpg\",\"width\":683,\"height\":1024,\"caption\":\"Poudre vis sans fin convoyage\"},{\"@type\":\"BreadcrumbList\",\"@id\":\"https:\/\/archimedys.fr\/archimedys-colorants-poudre\/#breadcrumb\",\"itemListElement\":[{\"@type\":\"ListItem\",\"position\":1,\"name\":\"Accueil\",\"item\":\"https:\/\/archimedys.fr\/\"},{\"@type\":\"ListItem\",\"position\":2,\"name\":\"Archimedys\u2122 \u00e9quipe les lignes pour le transport de colorants en poudre\"}]},{\"@type\":\"WebSite\",\"@id\":\"https:\/\/archimedys.fr\/#website\",\"url\":\"https:\/\/archimedys.fr\/\",\"name\":\"Archimedys\",\"description\":\"\",\"publisher\":{\"@id\":\"https:\/\/archimedys.fr\/#organization\"},\"potentialAction\":[{\"@type\":\"SearchAction\",\"target\":{\"@type\":\"EntryPoint\",\"urlTemplate\":\"https:\/\/archimedys.fr\/?s={search_term_string}\"},\"query-input\":{\"@type\":\"PropertyValueSpecification\",\"valueRequired\":true,\"valueName\":\"search_term_string\"}}],\"inLanguage\":\"cs\"},{\"@type\":\"Organization\",\"@id\":\"https:\/\/archimedys.fr\/#organization\",\"name\":\"Archimedys\",\"url\":\"https:\/\/archimedys.fr\/\",\"logo\":{\"@type\":\"ImageObject\",\"inLanguage\":\"cs\",\"@id\":\"https:\/\/archimedys.fr\/#\/schema\/logo\/image\/\",\"url\":\"https:\/\/archimedys.fr\/wp-content\/uploads\/2025\/03\/Design-sans-titre.svg\",\"contentUrl\":\"https:\/\/archimedys.fr\/wp-content\/uploads\/2025\/03\/Design-sans-titre.svg\",\"width\":350,\"height\":100,\"caption\":\"Archimedys\"},\"image\":{\"@id\":\"https:\/\/archimedys.fr\/#\/schema\/logo\/image\/\"}},{\"@type\":\"Person\",\"@id\":\"https:\/\/archimedys.fr\/#\/schema\/person\/0f326e2d3d04e71bf982c6dbcc6c070f\",\"name\":\"archimedysfr\",\"image\":{\"@type\":\"ImageObject\",\"inLanguage\":\"cs\",\"@id\":\"https:\/\/secure.gravatar.com\/avatar\/fd139960b5e96d7b31909239e427395b1670a5fce144ef6fab09f0962547e133?s=96&d=mm&r=g\",\"url\":\"https:\/\/secure.gravatar.com\/avatar\/fd139960b5e96d7b31909239e427395b1670a5fce144ef6fab09f0962547e133?s=96&d=mm&r=g\",\"contentUrl\":\"https:\/\/secure.gravatar.com\/avatar\/fd139960b5e96d7b31909239e427395b1670a5fce144ef6fab09f0962547e133?s=96&d=mm&r=g\",\"caption\":\"archimedysfr\"},\"url\":\"https:\/\/archimedys.fr\/cs\/author\/archimedysfr\/\"}]}<\/script>\n<!-- \/ Yoast SEO plugin. -->","yoast_head_json":{"title":"Archimedys\u2122 vybavuje linky pro p\u0159epravu pr\u00e1\u0161kov\u00fdch barviv","description":"Archimedys\u2122 \u00e9quip\u00e9e pour le transport des colorants en poudre pour c\u00e9ramique chez le leader mondial des colorants pour c\u00e9ramique et carrelages","robots":{"index":"index","follow":"follow","max-snippet":"max-snippet:-1","max-image-preview":"max-image-preview:large","max-video-preview":"max-video-preview:-1"},"canonical":"https:\/\/archimedys.fr\/cs\/archimedys-colorants-poudre\/","og_locale":"cs_CZ","og_type":"article","og_title":"Archimedys\u2122 \u00e9quipe les lignes pour le transport de colorants en poudre","og_description":"Archimedys\u2122 \u00e9quip\u00e9e pour le transport des colorants en poudre pour c\u00e9ramique chez le leader mondial des colorants pour c\u00e9ramique et carrelages","og_url":"https:\/\/archimedys.fr\/cs\/archimedys-colorants-poudre\/","og_site_name":"Archimedys","article_published_time":"2018-06-22T08:43:23+00:00","article_modified_time":"2025-09-15T13:48:12+00:00","og_image":[{"width":683,"height":1024,"url":"https:\/\/archimedys.fr\/wp-content\/uploads\/2018\/06\/thom-masat-8kLFdQh6scA-unsplash-683x1024-1.jpg","type":"image\/jpeg"}],"author":"archimedysfr","twitter_card":"summary_large_image","twitter_misc":{"Napsal(a)":"archimedysfr","Odhadovan\u00e1 doba \u010dten\u00ed":"2 minuty"},"schema":{"@context":"https:\/\/schema.org","@graph":[{"@type":"Article","@id":"https:\/\/archimedys.fr\/archimedys-colorants-poudre\/#article","isPartOf":{"@id":"https:\/\/archimedys.fr\/archimedys-colorants-poudre\/"},"author":{"name":"archimedysfr","@id":"https:\/\/archimedys.fr\/#\/schema\/person\/0f326e2d3d04e71bf982c6dbcc6c070f"},"headline":"Archimedys\u2122 \u00e9quipe les lignes pour le transport de colorants en poudre","datePublished":"2018-06-22T08:43:23+00:00","dateModified":"2025-09-15T13:48:12+00:00","mainEntityOfPage":{"@id":"https:\/\/archimedys.fr\/archimedys-colorants-poudre\/"},"wordCount":448,"publisher":{"@id":"https:\/\/archimedys.fr\/#organization"},"image":{"@id":"https:\/\/archimedys.fr\/archimedys-colorants-poudre\/#primaryimage"},"thumbnailUrl":"https:\/\/archimedys.fr\/wp-content\/uploads\/2018\/06\/thom-masat-8kLFdQh6scA-unsplash-683x1024-1.jpg","articleSection":["R\u00e9alisations"],"inLanguage":"cs"},{"@type":"WebPage","@id":"https:\/\/archimedys.fr\/archimedys-colorants-poudre\/","url":"https:\/\/archimedys.fr\/archimedys-colorants-poudre\/","name":"Archimedys\u2122 vybavuje linky pro p\u0159epravu pr\u00e1\u0161kov\u00fdch barviv","isPartOf":{"@id":"https:\/\/archimedys.fr\/#website"},"primaryImageOfPage":{"@id":"https:\/\/archimedys.fr\/archimedys-colorants-poudre\/#primaryimage"},"image":{"@id":"https:\/\/archimedys.fr\/archimedys-colorants-poudre\/#primaryimage"},"thumbnailUrl":"https:\/\/archimedys.fr\/wp-content\/uploads\/2018\/06\/thom-masat-8kLFdQh6scA-unsplash-683x1024-1.jpg","datePublished":"2018-06-22T08:43:23+00:00","dateModified":"2025-09-15T13:48:12+00:00","description":"Archimedys\u2122 \u00e9quip\u00e9e pour le transport des colorants en poudre pour c\u00e9ramique chez le leader mondial des colorants pour c\u00e9ramique et carrelages","breadcrumb":{"@id":"https:\/\/archimedys.fr\/archimedys-colorants-poudre\/#breadcrumb"},"inLanguage":"cs","potentialAction":[{"@type":"ReadAction","target":["https:\/\/archimedys.fr\/archimedys-colorants-poudre\/"]}]},{"@type":"ImageObject","inLanguage":"cs","@id":"https:\/\/archimedys.fr\/archimedys-colorants-poudre\/#primaryimage","url":"https:\/\/archimedys.fr\/wp-content\/uploads\/2018\/06\/thom-masat-8kLFdQh6scA-unsplash-683x1024-1.jpg","contentUrl":"https:\/\/archimedys.fr\/wp-content\/uploads\/2018\/06\/thom-masat-8kLFdQh6scA-unsplash-683x1024-1.jpg","width":683,"height":1024,"caption":"Poudre vis sans fin convoyage"},{"@type":"BreadcrumbList","@id":"https:\/\/archimedys.fr\/archimedys-colorants-poudre\/#breadcrumb","itemListElement":[{"@type":"ListItem","position":1,"name":"Accueil","item":"https:\/\/archimedys.fr\/"},{"@type":"ListItem","position":2,"name":"Archimedys\u2122 \u00e9quipe les lignes pour le transport de colorants en poudre"}]},{"@type":"WebSite","@id":"https:\/\/archimedys.fr\/#website","url":"https:\/\/archimedys.fr\/","name":"Archimedys","description":"","publisher":{"@id":"https:\/\/archimedys.fr\/#organization"},"potentialAction":[{"@type":"SearchAction","target":{"@type":"EntryPoint","urlTemplate":"https:\/\/archimedys.fr\/?s={search_term_string}"},"query-input":{"@type":"PropertyValueSpecification","valueRequired":true,"valueName":"search_term_string"}}],"inLanguage":"cs"},{"@type":"Organization","@id":"https:\/\/archimedys.fr\/#organization","name":"Archimedys","url":"https:\/\/archimedys.fr\/","logo":{"@type":"ImageObject","inLanguage":"cs","@id":"https:\/\/archimedys.fr\/#\/schema\/logo\/image\/","url":"https:\/\/archimedys.fr\/wp-content\/uploads\/2025\/03\/Design-sans-titre.svg","contentUrl":"https:\/\/archimedys.fr\/wp-content\/uploads\/2025\/03\/Design-sans-titre.svg","width":350,"height":100,"caption":"Archimedys"},"image":{"@id":"https:\/\/archimedys.fr\/#\/schema\/logo\/image\/"}},{"@type":"Person","@id":"https:\/\/archimedys.fr\/#\/schema\/person\/0f326e2d3d04e71bf982c6dbcc6c070f","name":"archimedysfr","image":{"@type":"ImageObject","inLanguage":"cs","@id":"https:\/\/secure.gravatar.com\/avatar\/fd139960b5e96d7b31909239e427395b1670a5fce144ef6fab09f0962547e133?s=96&d=mm&r=g","url":"https:\/\/secure.gravatar.com\/avatar\/fd139960b5e96d7b31909239e427395b1670a5fce144ef6fab09f0962547e133?s=96&d=mm&r=g","contentUrl":"https:\/\/secure.gravatar.com\/avatar\/fd139960b5e96d7b31909239e427395b1670a5fce144ef6fab09f0962547e133?s=96&d=mm&r=g","caption":"archimedysfr"},"url":"https:\/\/archimedys.fr\/cs\/author\/archimedysfr\/"}]}},"_links":{"self":[{"href":"https:\/\/archimedys.fr\/cs\/wp-json\/wp\/v2\/posts\/1439","targetHints":{"allow":["GET"]}}],"collection":[{"href":"https:\/\/archimedys.fr\/cs\/wp-json\/wp\/v2\/posts"}],"about":[{"href":"https:\/\/archimedys.fr\/cs\/wp-json\/wp\/v2\/types\/post"}],"author":[{"embeddable":true,"href":"https:\/\/archimedys.fr\/cs\/wp-json\/wp\/v2\/users\/2"}],"replies":[{"embeddable":true,"href":"https:\/\/archimedys.fr\/cs\/wp-json\/wp\/v2\/comments?post=1439"}],"version-history":[{"count":2,"href":"https:\/\/archimedys.fr\/cs\/wp-json\/wp\/v2\/posts\/1439\/revisions"}],"predecessor-version":[{"id":8162,"href":"https:\/\/archimedys.fr\/cs\/wp-json\/wp\/v2\/posts\/1439\/revisions\/8162"}],"wp:featuredmedia":[{"embeddable":true,"href":"https:\/\/archimedys.fr\/cs\/wp-json\/wp\/v2\/media\/7267"}],"wp:attachment":[{"href":"https:\/\/archimedys.fr\/cs\/wp-json\/wp\/v2\/media?parent=1439"}],"wp:term":[{"taxonomy":"category","embeddable":true,"href":"https:\/\/archimedys.fr\/cs\/wp-json\/wp\/v2\/categories?post=1439"},{"taxonomy":"post_tag","embeddable":true,"href":"https:\/\/archimedys.fr\/cs\/wp-json\/wp\/v2\/tags?post=1439"}],"curies":[{"name":"wp","href":"https:\/\/api.w.org\/{rel}","templated":true}]}}